{"id":51660,"date":"2015-02-03T10:22:15","date_gmt":"2015-02-03T13:22:15","guid":{"rendered":"http:\/\/aconteceunovale.com.br\/portal\/?p=51660"},"modified":"2015-02-03T10:22:15","modified_gmt":"2015-02-03T13:22:15","slug":"governador-empossa-secretario-de-desenvolvimento-e-integracao-do-norte-e-nordeste-de-minas","status":"publish","type":"post","link":"https:\/\/aconteceunovale.com.br\/portal\/?p=51660","title":{"rendered":"Governador empossa secret\u00e1rio de Desenvolvimento e Integra\u00e7\u00e3o do Norte e Nordeste de Minas"},"content":{"rendered":"<h4><strong><em>Deputado Paulo Guedes assume o cargo com a miss\u00e3o de diminuir as diferen\u00e7as sociais e econ\u00f4micas e promover o crescimento do semi\u00e1rido mineiro.<\/em><\/strong><\/h4>\n<p>O governador Fernando Pimentel empossa, nesta quarta-feira (4), em Montes Claros, o deputado estadual Paulo Guedes no cargo de secret\u00e1rio de Estado de Desenvolvimento e Integra\u00e7\u00e3o do Norte e Nordeste de Minas Gerais. Durante a solenidade, \u00e0s 11h, no Centro de Eventos do Parque de Exposi\u00e7\u00f5es Jo\u00e3o Alencar Athayde, tamb\u00e9m ser\u00e1 empossado o prefeito de Capit\u00e3o En\u00e9as, Cesar Em\u00edlio Lopes Oliveira, no cargo de presidente da Associa\u00e7\u00e3o dos Munic\u00edpios da \u00c1rea Mineira da Sudene (Amams).<\/p>\n<p><img decoding=\"async\" src=\"http:\/\/aconteceunovale.com.br\/portal\/wp-content\/uploads\/2015\/02\/paulo_guedes.jpg\" alt=\"\" \/><em>Paulo Guedes foi o candidato a deputado estadual mais votado do Estado &#8211; Raila Melo \/ ALMG<\/em><br \/>\n<\/br><\/p>\n<p>Aos 44 anos de idade, Paulo Guedes assume a Sedinor com a miss\u00e3o de trabalhar para diminuir as diferen\u00e7as, principalmente sociais e econ\u00f4micas, nos 258 munic\u00edpios da \u00e1rea de abrang\u00eancia da Secretaria, localizados no Norte e Noroeste mineiros e Vales do Jequitinhonha, Mucuri e Rio Doce. A Sedinor possui diretorias regionais em Montes Claros, Diamantina, Te\u00f3filo Otoni e Governador Valadares, al\u00e9m de escrit\u00f3rios em Jana\u00faba, Janu\u00e1ria, Pirapora e Salinas.<\/p>\n<p>Al\u00e9m dos programas que visam \u00e0 redu\u00e7\u00e3o de desigualdades sociais e ao enfrentamento da pobreza, a Sedinor tem o papel de coordenar, em articula\u00e7\u00e3o com todas as secretarias de Estado, as demais a\u00e7\u00f5es voltadas para o desenvolvimento socioecon\u00f4mico das regi\u00f5es abrangidas.<\/p>\n<h4>Biografia<\/h4>\n<p>Nascido na cidade de S\u00e3o Jo\u00e3o das Miss\u00f5es (Norte de Minas), Paulo Guedes come\u00e7ou na vida pol\u00edtica em 1993, no munic\u00edpio de Manga, tamb\u00e9m no Norte do Estado, onde foi vereador por tr\u00eas mandatos consecutivos e presidente da C\u00e2mara. Foi presidente da Associa\u00e7\u00e3o dos Vereadores da \u00c1rea Mineira da Sudene (Avams) e coordenador estadual do Departamento Nacional de Obras Contra as Secas (Dnocs).<\/p>\n<p>Na Assembleia Legislativa, onde exerceu dois mandatos, Paulo Guedes presidiu a Comiss\u00e3o Interestadual Parlamentar de Estudos para o Desenvolvimento Sustent\u00e1vel da Bacia Hidrogr\u00e1fica do Rio S\u00e3o Francisco (Cipe S\u00e3o Francisco), foi vice-presidente da Comiss\u00e3o de Assuntos Municipais e Regionaliza\u00e7\u00e3o e membro efetivo das comiss\u00f5es de Transporte, Comunica\u00e7\u00e3o e Obras P\u00fablicas e de Pol\u00edtica Agropecu\u00e1ria e Agroindustrial. Eleito para o terceiro mandato na Assembleia Legislativa, nas elei\u00e7\u00f5es de outubro do ano passado, Paulo Guedes foi o candidato a deputado estadual mais votado do Estado, com 164.831 votos. (Ag\u00eancia Minas)<\/p>\n","protected":false},"excerpt":{"rendered":"<p>Deputado Paulo Guedes assume o cargo com a miss\u00e3o de diminuir as diferen\u00e7as sociais e econ\u00f4micas e promover o crescimento do semi\u00e1rido mineiro. O governador Fernando Pimentel empossa, nesta quarta-feira (4), em Montes Claros, o deputado estadual Paulo Guedes no cargo de secret\u00e1rio de Estado de Desenvolvimento e Integra\u00e7\u00e3o do Norte e Nordeste de Minas [&hellip;]<\/p>\n","protected":false},"author":1,"featured_media":51661,"comment_status":"open","ping_status":"closed","sticky":false,"template":"","format":"standard","meta":{"amp_status":"","footnotes":""},"categories":[123],"tags":[949,14804,32232,32233,1429,32239,32237,32238,32234,32235,32230,32231,198,32236,32227,247,204,205,1356,210,10925,17364,254,190,1810,32229,32228,164],"class_list":["post-51660","post","type-post","status-publish","format-standard","has-post-thumbnail","hentry","category-gerais","tag-amams","tag-associacao-dos-municipios-da-area-mineira-da-sudene","tag-associacao-dos-vereadores-da-area-mineira-da-sudene","tag-avams","tag-capitao-eneas","tag-cesar-emilio-lopes-oliveira","tag-cipe-sao-francisco","tag-comissao-interestadual-parlamentar-de-estudos-para-o-desenvolvimento-sustentavel-da-bacia-hidrografica-do-rio-sao-francisco","tag-coordenador-estadual-do-departamento-nacional-de-obras-contra-as-secas","tag-departamento-nacional-de-obras-contra-as-secas","tag-deputado-paulo-guedes","tag-deputado-paulo-guedes-assume-o-cargo-com-a-missao-de-diminuir-as-diferencas-sociais-e-economicas-e-promover-o-crescimento-do-semiarido-mineiro","tag-diamantina","tag-dnocs","tag-governador-empossa-secretario-de-desenvolvimento-e-integracao-do-norte-e-nordeste-de-minas","tag-governador-valadares","tag-janauba","tag-januaria","tag-manga","tag-montes-claros","tag-parque-de-exposicoes-joao-alencar-athayde","tag-paulo-guedes","tag-pirapora","tag-salinas","tag-sao-joao-das-missoes","tag-secretario-de-desenvolvimento-e-integracao-do-nordeste-de-minas","tag-secretario-de-desenvolvimento-e-integracao-do-norte-de-minas","tag-teofilo-otoni"],"_links":{"self":[{"href":"https:\/\/aconteceunovale.com.br\/portal\/index.php?rest_route=\/wp\/v2\/posts\/51660","targetHints":{"allow":["GET"]}}],"collection":[{"href":"https:\/\/aconteceunovale.com.br\/portal\/index.php?rest_route=\/wp\/v2\/posts"}],"about":[{"href":"https:\/\/aconteceunovale.com.br\/portal\/index.php?rest_route=\/wp\/v2\/types\/post"}],"author":[{"embeddable":true,"href":"https:\/\/aconteceunovale.com.br\/portal\/index.php?rest_route=\/wp\/v2\/users\/1"}],"replies":[{"embeddable":true,"href":"https:\/\/aconteceunovale.com.br\/portal\/index.php?rest_route=%2Fwp%2Fv2%2Fcomments&post=51660"}],"version-history":[{"count":0,"href":"https:\/\/aconteceunovale.com.br\/portal\/index.php?rest_route=\/wp\/v2\/posts\/51660\/revisions"}],"wp:featuredmedia":[{"embeddable":true,"href":"https:\/\/aconteceunovale.com.br\/portal\/index.php?rest_route=\/wp\/v2\/media\/51661"}],"wp:attachment":[{"href":"https:\/\/aconteceunovale.com.br\/portal\/index.php?rest_route=%2Fwp%2Fv2%2Fmedia&parent=51660"}],"wp:term":[{"taxonomy":"category","embeddable":true,"href":"https:\/\/aconteceunovale.com.br\/portal\/index.php?rest_route=%2Fwp%2Fv2%2Fcategories&post=51660"},{"taxonomy":"post_tag","embeddable":true,"href":"https:\/\/aconteceunovale.com.br\/portal\/index.php?rest_route=%2Fwp%2Fv2%2Ftags&post=51660"}],"curies":[{"name":"wp","href":"https:\/\/api.w.org\/{rel}","templated":true}]}}