{"id":51658,"date":"2015-02-03T10:14:29","date_gmt":"2015-02-03T13:14:29","guid":{"rendered":"http:\/\/aconteceunovale.com.br\/portal\/?p=51658"},"modified":"2015-02-03T10:14:29","modified_gmt":"2015-02-03T13:14:29","slug":"cemig-realiza-obras-de-melhoria-na-rede-eletrica-de-governador-valadares-3","status":"publish","type":"post","link":"https:\/\/aconteceunovale.com.br\/portal\/?p=51658","title":{"rendered":"Cemig realiza obras de melhoria na rede el\u00e9trica de Governador Valadares"},"content":{"rendered":"<h4><strong><em>Fornecimento de energia ser\u00e1 interrompido de 7h \u00e0s 13h em seis ruas da cidade.<\/em><\/strong><\/h4>\n<p>A Companhia Energ\u00e9tica de Minas Gerais (CEMIG) informa que no pr\u00f3ximo domingo (08\/02) realizar\u00e1 obras de reforma e refor\u00e7o na Rede de Distribui\u00e7\u00e3o Urbana da regi\u00e3o central de Governador Valadares.<\/p>\n<p>Nesse dia, a Empresa realizar\u00e1 parte de uma obra que ir\u00e1 substituir a rede convencional, ou seja, cabos nus, por cabos protegidos, o que tornar\u00e1 a rede mais segura, garantindo uma maior confiabilidade do fornecimento de energia para a popula\u00e7\u00e3o, a ind\u00fastria e o com\u00e9rcio local, al\u00e9m de melhorar a intera\u00e7\u00e3o com as \u00e1rvores e a polui\u00e7\u00e3o visual. O valor total que ser\u00e1 investido na moderniza\u00e7\u00e3o dessa rede \u00e9 de R$ 513 mil.<\/p>\n<p>Para executar esse trabalho com seguran\u00e7a, ser\u00e1 necess\u00e1rio interromper o fornecimento de energia de 7h \u00e0s 13h, nos seguintes endere\u00e7os:<\/p>\n<p>&#8211; Avenida Brasil, entre n\u00fameros 2473 e 3049<br \/>\n&#8211; Avenida Minas Gerais, entre n\u00fameros 100 e 200<br \/>\n&#8211; Rua Eni Cabral, entre n\u00fameros 25 e 81<br \/>\n&#8211; Rua Bar\u00e3o Rio Branco, entre n\u00fameros 4 e 168<br \/>\n&#8211; Rua Marechal Floriano, entre n\u00fameros 594 e 1274, Centro<br \/>\n&#8211; Rua Cl\u00e1udio Manoel, entre n\u00fameros 83 e 84, Esplanada<\/p>\n<p>Esse servi\u00e7o ser\u00e1 realizado no final de semana para diminuir impacto da interrup\u00e7\u00e3o de energia para as atividades industriais e comerciais atingidas pelo desligamento.<\/p>\n<p>Durante esse per\u00edodo, caso precise executar algum servi\u00e7o na instala\u00e7\u00e3o el\u00e9trica interna, o consumidor dever\u00e1 desligar antes a chave geral (disjuntor) para sua seguran\u00e7a.<\/p>\n<p>A empresa esclarece que em fun\u00e7\u00e3o da complexidade dos servi\u00e7os a serem executados poder\u00e1 ocorrer atraso no hor\u00e1rio previsto ou cancelamento deste desligamento sem aviso pr\u00e9vio. Por medida de seguran\u00e7a todos os equipamentos devem ser considerados energizados durante o per\u00edodo mencionado. Caso os servi\u00e7os de melhoria sejam conclu\u00eddos antes do hor\u00e1rio indicado o fornecimento de energia el\u00e9trica ser\u00e1 restabelecido.<\/p>\n","protected":false},"excerpt":{"rendered":"<p>Fornecimento de energia ser\u00e1 interrompido de 7h \u00e0s 13h em seis ruas da cidade. A Companhia Energ\u00e9tica de Minas Gerais (CEMIG) informa que no pr\u00f3ximo domingo (08\/02) realizar\u00e1 obras de reforma e refor\u00e7o na Rede de Distribui\u00e7\u00e3o Urbana da regi\u00e3o central de Governador Valadares. Nesse dia, a Empresa realizar\u00e1 parte de uma obra que ir\u00e1 [&hellip;]<\/p>\n","protected":false},"author":1,"featured_media":47642,"comment_status":"open","ping_status":"closed","sticky":false,"template":"","format":"standard","meta":{"amp_status":"","footnotes":""},"categories":[121],"tags":[347,26291,18567,247,32225,32226],"class_list":["post-51658","post","type-post","status-publish","format-standard","has-post-thumbnail","hentry","category-leste","tag-cemig","tag-cemig-realiza-obras-de-melhoria-na-rede-eletrica-de-governador-valadares","tag-companhia-energetica-de-minas-gerais","tag-governador-valadares","tag-melhoria-na-rede-eletrica-de-governador-valadares","tag-rede-de-distribuicao-urbana-da-regiao-central-de-governador-valadares"],"_links":{"self":[{"href":"https:\/\/aconteceunovale.com.br\/portal\/index.php?rest_route=\/wp\/v2\/posts\/51658","targetHints":{"allow":["GET"]}}],"collection":[{"href":"https:\/\/aconteceunovale.com.br\/portal\/index.php?rest_route=\/wp\/v2\/posts"}],"about":[{"href":"https:\/\/aconteceunovale.com.br\/portal\/index.php?rest_route=\/wp\/v2\/types\/post"}],"author":[{"embeddable":true,"href":"https:\/\/aconteceunovale.com.br\/portal\/index.php?rest_route=\/wp\/v2\/users\/1"}],"replies":[{"embeddable":true,"href":"https:\/\/aconteceunovale.com.br\/portal\/index.php?rest_route=%2Fwp%2Fv2%2Fcomments&post=51658"}],"version-history":[{"count":0,"href":"https:\/\/aconteceunovale.com.br\/portal\/index.php?rest_route=\/wp\/v2\/posts\/51658\/revisions"}],"wp:featuredmedia":[{"embeddable":true,"href":"https:\/\/aconteceunovale.com.br\/portal\/index.php?rest_route=\/wp\/v2\/media\/47642"}],"wp:attachment":[{"href":"https:\/\/aconteceunovale.com.br\/portal\/index.php?rest_route=%2Fwp%2Fv2%2Fmedia&parent=51658"}],"wp:term":[{"taxonomy":"category","embeddable":true,"href":"https:\/\/aconteceunovale.com.br\/portal\/index.php?rest_route=%2Fwp%2Fv2%2Fcategories&post=51658"},{"taxonomy":"post_tag","embeddable":true,"href":"https:\/\/aconteceunovale.com.br\/portal\/index.php?rest_route=%2Fwp%2Fv2%2Ftags&post=51658"}],"curies":[{"name":"wp","href":"https:\/\/api.w.org\/{rel}","templated":true}]}}