{"id":51650,"date":"2015-02-03T09:55:43","date_gmt":"2015-02-03T12:55:43","guid":{"rendered":"http:\/\/aconteceunovale.com.br\/portal\/?p=51650"},"modified":"2015-02-03T09:55:43","modified_gmt":"2015-02-03T12:55:43","slug":"previsao-do-tempo-para-minas-gerais-nesta-terca-feira-3-de-fevereiro","status":"publish","type":"post","link":"https:\/\/aconteceunovale.com.br\/portal\/?p=51650","title":{"rendered":"Previs\u00e3o do tempo para Minas Gerais nesta ter\u00e7a-feira, 3 de fevereiro"},"content":{"rendered":"<h4><strong><em>Tempo inst\u00e1vel sobre parte do Sudeste<\/em><\/strong><\/h4>\n<p>Nesta ter\u00e7a-feira, o tempo permanece inst\u00e1vel sobre boa parte do Sudeste devido \u00e0 presen\u00e7a de um cavado (\u00e1rea de baixa press\u00e3o), que se estende desde o continente at\u00e9 o mar. Em Minas Gerais, as condi\u00e7\u00f5es meteorol\u00f3gicas ficam favor\u00e1veis \u00e0 ocorr\u00eancia de chuvas no Tri\u00e2ngulo, Oeste, Sul, Campo das Vertentes, Zona da Mata, Rio Doce, Central Mineira e Metropolitana de Belo Horizonte.<\/p>\n<p>Nas demais mesorregi\u00f5es do Estado, o dia ser\u00e1 de c\u00e9u parcialmente nublado com possibilidade de chuvas isoladas no final da tarde e in\u00edcio da noite. Temperaturas diurnas em ligeiro decl\u00ednio no Estado. Na capital mineira, o c\u00e9u fica com muitas nuvens e h\u00e1 previs\u00e3o de chuvas, especialmente a partir da tarde, e as temperaturas oscilam entre 19 e 28\u00b0C.<\/p>\n","protected":false},"excerpt":{"rendered":"<p>Tempo inst\u00e1vel sobre parte do Sudeste Nesta ter\u00e7a-feira, o tempo permanece inst\u00e1vel sobre boa parte do Sudeste devido \u00e0 presen\u00e7a de um cavado (\u00e1rea de baixa press\u00e3o), que se estende desde o continente at\u00e9 o mar. Em Minas Gerais, as condi\u00e7\u00f5es meteorol\u00f3gicas ficam favor\u00e1veis \u00e0 ocorr\u00eancia de chuvas no Tri\u00e2ngulo, Oeste, Sul, Campo das Vertentes, [&hellip;]<\/p>\n","protected":false},"author":1,"featured_media":15765,"comment_status":"open","ping_status":"closed","sticky":false,"template":"","format":"standard","meta":{"amp_status":"","footnotes":""},"categories":[123],"tags":[1956,1839,28255,32220],"class_list":["post-51650","post","type-post","status-publish","format-standard","has-post-thumbnail","hentry","category-gerais","tag-previsao-do-tempo","tag-previsao-do-tempo-para-minas-gerais","tag-previsao-do-tempo-para-minas-gerais-nesta-terca-feira","tag-previsao-do-tempo-para-minas-gerais-nesta-terca-feira-3-de-fevereiro"],"_links":{"self":[{"href":"https:\/\/aconteceunovale.com.br\/portal\/index.php?rest_route=\/wp\/v2\/posts\/51650","targetHints":{"allow":["GET"]}}],"collection":[{"href":"https:\/\/aconteceunovale.com.br\/portal\/index.php?rest_route=\/wp\/v2\/posts"}],"about":[{"href":"https:\/\/aconteceunovale.com.br\/portal\/index.php?rest_route=\/wp\/v2\/types\/post"}],"author":[{"embeddable":true,"href":"https:\/\/aconteceunovale.com.br\/portal\/index.php?rest_route=\/wp\/v2\/users\/1"}],"replies":[{"embeddable":true,"href":"https:\/\/aconteceunovale.com.br\/portal\/index.php?rest_route=%2Fwp%2Fv2%2Fcomments&post=51650"}],"version-history":[{"count":0,"href":"https:\/\/aconteceunovale.com.br\/portal\/index.php?rest_route=\/wp\/v2\/posts\/51650\/revisions"}],"wp:featuredmedia":[{"embeddable":true,"href":"https:\/\/aconteceunovale.com.br\/portal\/index.php?rest_route=\/wp\/v2\/media\/15765"}],"wp:attachment":[{"href":"https:\/\/aconteceunovale.com.br\/portal\/index.php?rest_route=%2Fwp%2Fv2%2Fmedia&parent=51650"}],"wp:term":[{"taxonomy":"category","embeddable":true,"href":"https:\/\/aconteceunovale.com.br\/portal\/index.php?rest_route=%2Fwp%2Fv2%2Fcategories&post=51650"},{"taxonomy":"post_tag","embeddable":true,"href":"https:\/\/aconteceunovale.com.br\/portal\/index.php?rest_route=%2Fwp%2Fv2%2Ftags&post=51650"}],"curies":[{"name":"wp","href":"https:\/\/api.w.org\/{rel}","templated":true}]}}