{"id":51648,"date":"2015-02-03T09:53:08","date_gmt":"2015-02-03T12:53:08","guid":{"rendered":"http:\/\/aconteceunovale.com.br\/portal\/?p=51648"},"modified":"2015-02-03T09:53:08","modified_gmt":"2015-02-03T12:53:08","slug":"plantao-do-samu-no-norte-de-minas-gerais-02-de-fevereiro-de-2015","status":"publish","type":"post","link":"https:\/\/aconteceunovale.com.br\/portal\/?p=51648","title":{"rendered":"Plant\u00e3o do Samu no Norte de Minas Gerais &#8211; 02 de fevereiro de 2015"},"content":{"rendered":"<h4><em><strong>Segunda-feira, 02 de fevereiro de 2015<\/strong><\/em><\/h4>\n<p>A unidade do SAMU de Montes Claros realizou na segunda-feira, 02 de fevereiro, 47 atendimentos, sendo 39 casos cl\u00ednicos, 07 v\u00edtimas feridas em acidente de tr\u00e2nsito, todos envolvendo motocicleta; e um ferimento por arma de fogo.<\/p>\n<p>Na madrugada desta ter\u00e7a-feira, 03\/02, a unidade do SAMU foi acionada para atendimento a um homem de 36 anos, que sofreu atropelamento por moto na Avenida Jackson Morais, bairro Cidade Industrial. Ele foi atropelado ao chegar ao local de trabalho e se queixava de dor na cabe\u00e7a, onde sofreu corte contuso, pr\u00f3ximo ao olho e nariz.<\/p>\n<p>\u00c0s 21h20, a unidade do SAMU foi acionada para atendimento a um rapaz de 17 anos, ferido por arma de fogo no bairro Maracan\u00e3. Ele foi atingido por um tiro nas costas e tr\u00eas tiros nas pernas, mas estava est\u00e1vel, consciente e orientado.<\/p>\n<p>\u00c0s 16h15, a unidade do SAMU foi acionada para atendimento a uma mulher de 24 anos, que ficou ferida ap\u00f3s colidir de moto contra um carro no bairro Eldorado. Ela conduzia a moto e apresentava escoria\u00e7\u00f5es superficiais no bra\u00e7o esquerdo.<\/p>\n<p>\u00c0s 10h45, a unidade do SAMU foi acionada para atendimento a uma crian\u00e7a de 8 anos, que foi atropelada por moto na Vila Atl\u00e2ntida.<\/p>\n<p>\u00c0s 8h30, a unidade do SAMU foi acionada para atendimento a um adolescente de 13 anos, que caiu de moto na Avenida Geraldo Athayde, bairro Alto S\u00e3o Jo\u00e3o. Ele estava na garupa da moro e se queixava de dor no joelho direito.<\/p>\n<p>\u00c0s 08h11, a unidade do SAMU foi acionada para atendimento a um homem de 28 anos, que ficou ferida ap\u00f3s colidir de moto contra um carro na Rua General Carneiro, regi\u00e3o central de Montes Claros. Ele conduzia a moto e apresentava escoria\u00e7\u00f5es na perna esquerda, sem sinais de fratura.<\/p>\n<p>\u00c0s 07h50, a unidade do SAMU foi acionada para atendimento a um homem de 23 anos, que ficou ferida ap\u00f3s colidir de bicicleta contra uma moto no bairro Distrito Industrial. Ela conduzia a bicicleta e estava consciente e orientado, apresentando escoria\u00e7\u00f5es e dor na perna esquerda e na cabe\u00e7a.<\/p>\n<p>Em todas as ocorr\u00eancias os feridos receberam os primeiros atendimentos no local e foram encaminhados ao hospital para avalia\u00e7\u00e3o.<\/p>\n","protected":false},"excerpt":{"rendered":"<p>Segunda-feira, 02 de fevereiro de 2015 A unidade do SAMU de Montes Claros realizou na segunda-feira, 02 de fevereiro, 47 atendimentos, sendo 39 casos cl\u00ednicos, 07 v\u00edtimas feridas em acidente de tr\u00e2nsito, todos envolvendo motocicleta; e um ferimento por arma de fogo. Na madrugada desta ter\u00e7a-feira, 03\/02, a unidade do SAMU foi acionada para atendimento [&hellip;]<\/p>\n","protected":false},"author":1,"featured_media":46383,"comment_status":"open","ping_status":"closed","sticky":false,"template":"","format":"standard","meta":{"amp_status":"","footnotes":""},"categories":[1236],"tags":[210,24659,24089,18898,18108,32219,18629,21139,4040],"class_list":["post-51648","post","type-post","status-publish","format-standard","has-post-thumbnail","hentry","category-norte_de_minas","tag-montes-claros","tag-plantao-do-samu-de-montes-claros","tag-plantao-do-samu-do-norte-de-minas","tag-plantao-do-samu-macro-norte","tag-plantao-do-samu-no-norte-de-minas-gerais","tag-plantao-do-samu-no-norte-de-minas-gerais-02-de-fevereiro-de-2015","tag-samu-de-montes-claros","tag-samu-do-norte-de-minas","tag-samu-macro-norte"],"_links":{"self":[{"href":"https:\/\/aconteceunovale.com.br\/portal\/index.php?rest_route=\/wp\/v2\/posts\/51648","targetHints":{"allow":["GET"]}}],"collection":[{"href":"https:\/\/aconteceunovale.com.br\/portal\/index.php?rest_route=\/wp\/v2\/posts"}],"about":[{"href":"https:\/\/aconteceunovale.com.br\/portal\/index.php?rest_route=\/wp\/v2\/types\/post"}],"author":[{"embeddable":true,"href":"https:\/\/aconteceunovale.com.br\/portal\/index.php?rest_route=\/wp\/v2\/users\/1"}],"replies":[{"embeddable":true,"href":"https:\/\/aconteceunovale.com.br\/portal\/index.php?rest_route=%2Fwp%2Fv2%2Fcomments&post=51648"}],"version-history":[{"count":0,"href":"https:\/\/aconteceunovale.com.br\/portal\/index.php?rest_route=\/wp\/v2\/posts\/51648\/revisions"}],"wp:featuredmedia":[{"embeddable":true,"href":"https:\/\/aconteceunovale.com.br\/portal\/index.php?rest_route=\/wp\/v2\/media\/46383"}],"wp:attachment":[{"href":"https:\/\/aconteceunovale.com.br\/portal\/index.php?rest_route=%2Fwp%2Fv2%2Fmedia&parent=51648"}],"wp:term":[{"taxonomy":"category","embeddable":true,"href":"https:\/\/aconteceunovale.com.br\/portal\/index.php?rest_route=%2Fwp%2Fv2%2Fcategories&post=51648"},{"taxonomy":"post_tag","embeddable":true,"href":"https:\/\/aconteceunovale.com.br\/portal\/index.php?rest_route=%2Fwp%2Fv2%2Ftags&post=51648"}],"curies":[{"name":"wp","href":"https:\/\/api.w.org\/{rel}","templated":true}]}}