{"id":51641,"date":"2015-02-02T21:30:24","date_gmt":"2015-02-03T00:30:24","guid":{"rendered":"http:\/\/aconteceunovale.com.br\/portal\/?p=51641"},"modified":"2015-02-02T21:30:24","modified_gmt":"2015-02-03T00:30:24","slug":"caminhoneiro-morre-em-acidente-e-22-sao-presos-por-saquear-chocolate-na-br-381","status":"publish","type":"post","link":"https:\/\/aconteceunovale.com.br\/portal\/?p=51641","title":{"rendered":"Caminhoneiro morre em acidente e 22 s\u00e3o presos por saquear chocolate na BR-381"},"content":{"rendered":"<h4><strong><em>Outras cinco pessoas ficaram feridas. Carga de chocolate foi saqueada e 22 pessoas foram detidas.<\/em><\/strong><\/h4>\n<p>Um grave acidente entre duas carretas, um carro de passeio e um ve\u00edculo de transporte de valores deixou uma pessoa morta e outras cinco feridas na manh\u00e3 desta segunda-feira (2), na altura do quil\u00f4metro 364 da BR-381, em S\u00e3o Gon\u00e7alo do Rio Abaixo, na regi\u00e3o Central de Minas Gerais. De acordo com o Corpo de Bombeiros, tr\u00eas v\u00edtimas ficaram presas \u00e0s ferragens e uma delas n\u00e3o resistiu aos ferimentos e morreu.  <\/p>\n<p>Uma das carretas transportava uma carga de chocolates, que foi saqueada por quem passava pelo local. A PRF acionou os policiais da unidade de Jo\u00e3o Monlevade, que conseguiu deter 22 pessoas que transportavam material furtado do acidente. O volume da carga do ve\u00edculo n\u00e3o foi informado, assim como a quantidade de chocolate recuperado.<\/p>\n<p>Ainda segundo os bombeiros, o morto era motorista de uma das carretas, ele n\u00e3o foi identificado. Duas pessoas ficaram gravemente feridas, mas n\u00e3o correm risco de morrer e as outras tr\u00eas tiveram escoria\u00e7\u00f5es. Os feridos foram levados para hospitais da regi\u00e3o.<\/p>\n<p><img decoding=\"async\" src=\"http:\/\/aconteceunovale.com.br\/portal\/wp-content\/uploads\/2015\/02\/acidente_sgra_2_1_1.jpg\" alt=\"\" \/><em>Acidente aconteceu na BR-381, em S\u00e3o Gon\u00e7alo do Rio Abaixo &#8211; Foto: Internauta\/WhatsApp<\/em><br \/>\n<\/br><\/p>\n<p><img decoding=\"async\" src=\"http:\/\/aconteceunovale.com.br\/portal\/wp-content\/uploads\/2015\/02\/acidente_sgra_2_1_2.jpg\" alt=\"\" \/><em>Acidente aconteceu na BR-381, em S\u00e3o Gon\u00e7alo do Rio Abaixo &#8211; Foto: Internauta\/WhatsApp<\/em><br \/>\n<\/br><\/p>\n<p><img decoding=\"async\" src=\"http:\/\/aconteceunovale.com.br\/portal\/wp-content\/uploads\/2015\/02\/acidente_sgra_2_1_3.png\" alt=\"\" \/><em>Acidente aconteceu na BR-381, em S\u00e3o Gon\u00e7alo do Rio Abaixo &#8211; Foto: Internauta\/WhatsApp<\/em><br \/>\n<\/br><\/p>\n<p><img decoding=\"async\" src=\"http:\/\/aconteceunovale.com.br\/portal\/wp-content\/uploads\/2015\/02\/acidente_sgra_2_1_4.png\" alt=\"\" \/><em>Acidente aconteceu na BR-381, em S\u00e3o Gon\u00e7alo do Rio Abaixo &#8211; Foto: Internauta\/WhatsApp<\/em><br \/>\n<\/br><\/p>\n<p><img decoding=\"async\" src=\"http:\/\/aconteceunovale.com.br\/portal\/wp-content\/uploads\/2015\/02\/acidente_sgra_2_1_5.png\" alt=\"\" \/><em>Acidente aconteceu na BR-381, em S\u00e3o Gon\u00e7alo do Rio Abaixo &#8211; Foto: Internauta\/WhatsApp<\/em><br \/>\n<\/br><\/p>\n<p><strong><em>(O Tempo Online)<\/em><\/strong><\/p>\n","protected":false},"excerpt":{"rendered":"<p>Outras cinco pessoas ficaram feridas. Carga de chocolate foi saqueada e 22 pessoas foram detidas. Um grave acidente entre duas carretas, um carro de passeio e um ve\u00edculo de transporte de valores deixou uma pessoa morta e outras cinco feridas na manh\u00e3 desta segunda-feira (2), na altura do quil\u00f4metro 364 da BR-381, em S\u00e3o Gon\u00e7alo [&hellip;]<\/p>\n","protected":false},"author":1,"featured_media":51643,"comment_status":"open","ping_status":"closed","sticky":false,"template":"","format":"standard","meta":{"amp_status":"","footnotes":""},"categories":[123],"tags":[32217,32218,9072,8237,32216,1739],"class_list":["post-51641","post","type-post","status-publish","format-standard","has-post-thumbnail","hentry","category-gerais","tag-22-sao-presos-por-saquear-chocolate-na-br-381","tag-22-sao-presos-por-saquear-chocolate-na-br-381-em-sao-goncalo-do-rio-abaixo","tag-acidente-em-sao-goncalo-do-rio-abaixo","tag-acidente-na-br-381","tag-caminhoneiro-morre-em-acidente-e-22-sao-presos-por-saquear-chocolate-na-br-381","tag-sao-goncalo-do-rio-abaixo"],"_links":{"self":[{"href":"https:\/\/aconteceunovale.com.br\/portal\/index.php?rest_route=\/wp\/v2\/posts\/51641","targetHints":{"allow":["GET"]}}],"collection":[{"href":"https:\/\/aconteceunovale.com.br\/portal\/index.php?rest_route=\/wp\/v2\/posts"}],"about":[{"href":"https:\/\/aconteceunovale.com.br\/portal\/index.php?rest_route=\/wp\/v2\/types\/post"}],"author":[{"embeddable":true,"href":"https:\/\/aconteceunovale.com.br\/portal\/index.php?rest_route=\/wp\/v2\/users\/1"}],"replies":[{"embeddable":true,"href":"https:\/\/aconteceunovale.com.br\/portal\/index.php?rest_route=%2Fwp%2Fv2%2Fcomments&post=51641"}],"version-history":[{"count":0,"href":"https:\/\/aconteceunovale.com.br\/portal\/index.php?rest_route=\/wp\/v2\/posts\/51641\/revisions"}],"wp:featuredmedia":[{"embeddable":true,"href":"https:\/\/aconteceunovale.com.br\/portal\/index.php?rest_route=\/wp\/v2\/media\/51643"}],"wp:attachment":[{"href":"https:\/\/aconteceunovale.com.br\/portal\/index.php?rest_route=%2Fwp%2Fv2%2Fmedia&parent=51641"}],"wp:term":[{"taxonomy":"category","embeddable":true,"href":"https:\/\/aconteceunovale.com.br\/portal\/index.php?rest_route=%2Fwp%2Fv2%2Fcategories&post=51641"},{"taxonomy":"post_tag","embeddable":true,"href":"https:\/\/aconteceunovale.com.br\/portal\/index.php?rest_route=%2Fwp%2Fv2%2Ftags&post=51641"}],"curies":[{"name":"wp","href":"https:\/\/api.w.org\/{rel}","templated":true}]}}