{"id":51605,"date":"2015-02-02T19:24:40","date_gmt":"2015-02-02T22:24:40","guid":{"rendered":"http:\/\/aconteceunovale.com.br\/portal\/?p=51605"},"modified":"2015-02-02T19:24:40","modified_gmt":"2015-02-02T22:24:40","slug":"regularizacao-de-mototaxistas-tem-prazo-prorrogado-em-governador-valadares","status":"publish","type":"post","link":"https:\/\/aconteceunovale.com.br\/portal\/?p=51605","title":{"rendered":"Regulariza\u00e7\u00e3o de mototaxistas tem prazo prorrogado em Governador Valadares"},"content":{"rendered":"<h4><strong><em>Prazo era at\u00e9 30 de janeiro e foi estendido at\u00e9 o dia 20 de fevereiro. Ser\u00e3o ofertadas aproximadamente mil vagas.<\/em><\/strong><\/h4>\n<p>Foi prorrogado at\u00e9 o dia 20 de fevereiro o prazo para os mototaxistas de Governador Valadares, no Leste de Minas Gerais, regularizarem a documenta\u00e7\u00e3o exigida para legaliza\u00e7\u00e3o do ponto de motot\u00e1xi, e para ser avaliado na \u00faltima fase da licita\u00e7\u00e3o para o servi\u00e7o de motot\u00e1xi. O prazo final era at\u00e9 o dia 30 de janeiro, e foi estendido.<\/p>\n<p>Os interessados em disputar um dos pontos nos bairros e regi\u00f5es de Valadares devem comparecer \u00e0 Central de Atendimento ao Cidad\u00e3o (CAC), no t\u00e9rreo da Prefeitura, at\u00e9 a nova data, das 7h30 \u00e0s 17h, com o Boletim de Cadastro Imobili\u00e1rio do Im\u00f3vel (BCI), e c\u00f3pias do CNPJ v\u00e1lido; do Contrato Social ou Ato de Constitui\u00e7\u00e3o Microempreendedor Individual; do RG e CPF dos titulares; da escritura averbada do im\u00f3vel.<\/p>\n<p>Em nota divulgada na tarde desta segunda-feira (2), a prefeitura informa que ser\u00e3o ofertadas aproximadamente mil vagas. Na primeira etapa, os pontos ser\u00e3o legalizados; na segunda, ser\u00e3o concedidas permiss\u00f5es para os mototaxistas aut\u00f4nomos, por meio de processo licitat\u00f3rio.<\/p>\n<p>\u201cA chamada p\u00fablica, lan\u00e7ada no \u00faltimo dia 23 de dezembro, \u00e9 uma etapa preparat\u00f3ria para que donos de pontos de motot\u00e1xi que tenham interesse em participar da concorr\u00eancia (licita\u00e7\u00e3o) possam se preparar com os documentos necess\u00e1rios para emiss\u00e3o do alvar\u00e1 provis\u00f3rio de licen\u00e7a e localiza\u00e7\u00e3o. Isto porque o edital da primeira fase, a ser publicado este ano, ser\u00e1 para definir primeiramente os pontos de motot\u00e1xi \u2013 limitados a 150 pontos (locais)\u201d, diz a nota.<\/p>\n<p>Para que a empresa ou microempreendedor individual possa participar da licita\u00e7\u00e3o \u00e9 necess\u00e1rio que cumpra os requisitos da lei municipal, que estabelece crit\u00e9rios de localiza\u00e7\u00e3o dos pontos, al\u00e9m do requisito obrigat\u00f3rio do alvar\u00e1 de licen\u00e7a e localiza\u00e7\u00e3o provis\u00f3rio a ser emitido com validade espec\u00edfica para os participantes. Conclu\u00edda a primeira etapa, ou seja, estabelecidos os pontos, o pr\u00f3ximo passo ser\u00e1 conceder permiss\u00f5es aos mototaxistas aut\u00f4nomos.<\/p>\n<p><img decoding=\"async\" src=\"http:\/\/aconteceunovale.com.br\/portal\/wp-content\/uploads\/2015\/02\/mototaxistas_gv.jpg\" alt=\"\" \/><em>Mototaxistas t\u00eam at\u00e9 20 de fevereiro para regularizar documenta\u00e7\u00e3o (Foto: Maria Freitas\/G1)<\/em><br \/>\n<\/br><\/p>\n<p><strong><em>(Inter TV dos Vales)<\/em><\/strong><\/p>\n","protected":false},"excerpt":{"rendered":"<p>Prazo era at\u00e9 30 de janeiro e foi estendido at\u00e9 o dia 20 de fevereiro. Ser\u00e3o ofertadas aproximadamente mil vagas. Foi prorrogado at\u00e9 o dia 20 de fevereiro o prazo para os mototaxistas de Governador Valadares, no Leste de Minas Gerais, regularizarem a documenta\u00e7\u00e3o exigida para legaliza\u00e7\u00e3o do ponto de motot\u00e1xi, e para ser avaliado [&hellip;]<\/p>\n","protected":false},"author":1,"featured_media":51606,"comment_status":"open","ping_status":"closed","sticky":false,"template":"","format":"standard","meta":{"amp_status":"","footnotes":""},"categories":[121],"tags":[247,32186,32185],"class_list":["post-51605","post","type-post","status-publish","format-standard","has-post-thumbnail","hentry","category-leste","tag-governador-valadares","tag-regularizacao-de-mototaxistas-em-governador-valadares","tag-regularizacao-de-mototaxistas-tem-prazo-prorrogado-em-governador-valadares"],"_links":{"self":[{"href":"https:\/\/aconteceunovale.com.br\/portal\/index.php?rest_route=\/wp\/v2\/posts\/51605","targetHints":{"allow":["GET"]}}],"collection":[{"href":"https:\/\/aconteceunovale.com.br\/portal\/index.php?rest_route=\/wp\/v2\/posts"}],"about":[{"href":"https:\/\/aconteceunovale.com.br\/portal\/index.php?rest_route=\/wp\/v2\/types\/post"}],"author":[{"embeddable":true,"href":"https:\/\/aconteceunovale.com.br\/portal\/index.php?rest_route=\/wp\/v2\/users\/1"}],"replies":[{"embeddable":true,"href":"https:\/\/aconteceunovale.com.br\/portal\/index.php?rest_route=%2Fwp%2Fv2%2Fcomments&post=51605"}],"version-history":[{"count":0,"href":"https:\/\/aconteceunovale.com.br\/portal\/index.php?rest_route=\/wp\/v2\/posts\/51605\/revisions"}],"wp:featuredmedia":[{"embeddable":true,"href":"https:\/\/aconteceunovale.com.br\/portal\/index.php?rest_route=\/wp\/v2\/media\/51606"}],"wp:attachment":[{"href":"https:\/\/aconteceunovale.com.br\/portal\/index.php?rest_route=%2Fwp%2Fv2%2Fmedia&parent=51605"}],"wp:term":[{"taxonomy":"category","embeddable":true,"href":"https:\/\/aconteceunovale.com.br\/portal\/index.php?rest_route=%2Fwp%2Fv2%2Fcategories&post=51605"},{"taxonomy":"post_tag","embeddable":true,"href":"https:\/\/aconteceunovale.com.br\/portal\/index.php?rest_route=%2Fwp%2Fv2%2Ftags&post=51605"}],"curies":[{"name":"wp","href":"https:\/\/api.w.org\/{rel}","templated":true}]}}