{"id":51603,"date":"2015-02-02T19:10:02","date_gmt":"2015-02-02T22:10:02","guid":{"rendered":"http:\/\/aconteceunovale.com.br\/portal\/?p=51603"},"modified":"2015-02-02T19:10:02","modified_gmt":"2015-02-02T22:10:02","slug":"acoes-de-combate-a-dengue-serao-intensificadas-em-governador-valadares","status":"publish","type":"post","link":"https:\/\/aconteceunovale.com.br\/portal\/?p=51603","title":{"rendered":"A\u00e7\u00f5es de combate a Dengue ser\u00e3o intensificadas em Governador Valadares"},"content":{"rendered":"<h4><strong><em>Motivo \u00e9 a prolifera\u00e7\u00e3o do Aedes Aegpyti. Mobiliza\u00e7\u00e3o acontecer\u00e1 nas unidades de sa\u00fade com palestras e outras atividades.<\/em><\/strong><\/h4>\n<p>O ver\u00e3o \u00e9 o per\u00edodo ideal para o aumento no n\u00famero de casos de dengue. A combina\u00e7\u00e3o de calor e as chuvas ocasionais, quando elas acontecem, \u00e9 ideal para a prolifera\u00e7\u00e3o do Aedes Aegpyti. Por isso, o trabalho do Departamento de Vigil\u00e2ncia em Sa\u00fade \u00e9 redobrado todo ano nesta \u00e9poca.<\/p>\n<p>Em Governador Valadares, no Vale do Rio Doce, at\u00e9 o momento foram notificados 18 casos da doen\u00e7a. Em 2014 foram 1.204 &#8211; uma redu\u00e7\u00e3o de mais de 75% em rela\u00e7\u00e3o ao ano de 2013, que registrou 4.896 casos. Apesar da alta incid\u00eancia, n\u00e3o h\u00e1 nenhum registro de morte em fun\u00e7\u00e3o da doen\u00e7a no munic\u00edpio, segundo dados divulgados pela prefeitura na tarde desta segunda-feira (2).<\/p>\n<p>Durante todo o m\u00eas de fevereiro, a prefeitura de Valadares pretende realizar a\u00e7\u00f5es com o objetivo de intensificar o combate \u00e0 dengue e tamb\u00e9m \u00e0 febre Chikungunya. A inten\u00e7\u00e3o \u00e9 alertar a popula\u00e7\u00e3o sobre os cuidados necess\u00e1rios para eliminar os focos do mosquito Aedes aegypti, prevenindo, assim, as duas doen\u00e7as.<\/p>\n<p>O 1\u00ba Levantamento de \u00cdndice R\u00e1pido por Infesta\u00e7\u00e3o de Aedes aegypti (LIRAa) de 2015, divulgado no m\u00eas de janeiro, apontou que o maior n\u00famero de focos continua sendo encontrado dentro das casas. Isso refor\u00e7a o pedido por um maior envolvimento da comunidade no sentindo de evitar situa\u00e7\u00f5es que promovam os focos da dengue.  <\/p>\n<p>A mobiliza\u00e7\u00e3o acontecer\u00e1 nas unidades de sa\u00fade com palestras e atividades educativas, al\u00e9m de panfletagem na regi\u00e3o. Os profissionais envolvidos no combate tamb\u00e9m ser\u00e3o alertados quanto ao diagn\u00f3stico correto e precoce das epidemias.<\/p>\n<p>\u201cDos 426 munic\u00edpios que participaram do \u00faltimo LIRAa 2014, Valadares \u00e9 o \u00fanico da regi\u00e3o sudeste em situa\u00e7\u00e3o de risco. Por isso \u00e9 de extrema import\u00e2ncia a participa\u00e7\u00e3o da popula\u00e7\u00e3o nessa luta, eliminando qualquer tipo de reservat\u00f3rio que acumule \u00e1gua. Combater a dengue \u00e9 um dever meu, seu e de todos n\u00f3s\u201d, declarou a diretora do Departamento de Vigil\u00e2ncia em Sa\u00fade, V\u00e2nia Tavares de Andrade. (G1)<\/p>\n","protected":false},"excerpt":{"rendered":"<p>Motivo \u00e9 a prolifera\u00e7\u00e3o do Aedes Aegpyti. Mobiliza\u00e7\u00e3o acontecer\u00e1 nas unidades de sa\u00fade com palestras e outras atividades. O ver\u00e3o \u00e9 o per\u00edodo ideal para o aumento no n\u00famero de casos de dengue. A combina\u00e7\u00e3o de calor e as chuvas ocasionais, quando elas acontecem, \u00e9 ideal para a prolifera\u00e7\u00e3o do Aedes Aegpyti. Por isso, o [&hellip;]<\/p>\n","protected":false},"author":1,"featured_media":47642,"comment_status":"open","ping_status":"closed","sticky":false,"template":"","format":"standard","meta":{"amp_status":"","footnotes":""},"categories":[121],"tags":[32183,11059,247,32184,21831],"class_list":["post-51603","post","type-post","status-publish","format-standard","has-post-thumbnail","hentry","category-leste","tag-acoes-de-combate-a-dengue-serao-intensificadas-em-governador-valadares","tag-febre-chikungunya","tag-governador-valadares","tag-levantamento-de-indice-rapido-por-infestacao-de-aedes-aegypti","tag-liraa"],"_links":{"self":[{"href":"https:\/\/aconteceunovale.com.br\/portal\/index.php?rest_route=\/wp\/v2\/posts\/51603","targetHints":{"allow":["GET"]}}],"collection":[{"href":"https:\/\/aconteceunovale.com.br\/portal\/index.php?rest_route=\/wp\/v2\/posts"}],"about":[{"href":"https:\/\/aconteceunovale.com.br\/portal\/index.php?rest_route=\/wp\/v2\/types\/post"}],"author":[{"embeddable":true,"href":"https:\/\/aconteceunovale.com.br\/portal\/index.php?rest_route=\/wp\/v2\/users\/1"}],"replies":[{"embeddable":true,"href":"https:\/\/aconteceunovale.com.br\/portal\/index.php?rest_route=%2Fwp%2Fv2%2Fcomments&post=51603"}],"version-history":[{"count":0,"href":"https:\/\/aconteceunovale.com.br\/portal\/index.php?rest_route=\/wp\/v2\/posts\/51603\/revisions"}],"wp:featuredmedia":[{"embeddable":true,"href":"https:\/\/aconteceunovale.com.br\/portal\/index.php?rest_route=\/wp\/v2\/media\/47642"}],"wp:attachment":[{"href":"https:\/\/aconteceunovale.com.br\/portal\/index.php?rest_route=%2Fwp%2Fv2%2Fmedia&parent=51603"}],"wp:term":[{"taxonomy":"category","embeddable":true,"href":"https:\/\/aconteceunovale.com.br\/portal\/index.php?rest_route=%2Fwp%2Fv2%2Fcategories&post=51603"},{"taxonomy":"post_tag","embeddable":true,"href":"https:\/\/aconteceunovale.com.br\/portal\/index.php?rest_route=%2Fwp%2Fv2%2Ftags&post=51603"}],"curies":[{"name":"wp","href":"https:\/\/api.w.org\/{rel}","templated":true}]}}