{"id":51585,"date":"2015-02-02T18:13:20","date_gmt":"2015-02-02T21:13:20","guid":{"rendered":"http:\/\/aconteceunovale.com.br\/portal\/?p=51585"},"modified":"2015-02-02T18:13:20","modified_gmt":"2015-02-02T21:13:20","slug":"governo-de-minas-faz-primeira-reuniao-da-forca-tarefa-para-gerir-abastecimento-de-agua","status":"publish","type":"post","link":"https:\/\/aconteceunovale.com.br\/portal\/?p=51585","title":{"rendered":"Governo de Minas faz primeira reuni\u00e3o da for\u00e7a-tarefa para gerir abastecimento de \u00e1gua"},"content":{"rendered":"<h4><strong><em>Grupo estipula prazo para levantar projetos e obras relacionados \u00e0 gest\u00e3o h\u00eddrica em Minas e entregar relat\u00f3rio final ao governador<\/em><\/strong><\/h4>\n<p>Os \u00f3rg\u00e3os e entidades do Governo de Minas que integram a for\u00e7a-tarefa para gerir o abastecimento de \u00e1gua no Estado realizaram nesta segunda-feira (2\/2) a primeira reuni\u00e3o de trabalho. Foram apresentadas as medidas iniciais para combater a falta de \u00e1gua em Minas Gerais e definidas as datas dos pr\u00f3ximos encontros.<\/p>\n<p>A reuni\u00e3o, coordenada pelo secret\u00e1rio de Estado de Planejamento e Gest\u00e3o (Seplag), Helv\u00e9cio Magalh\u00e3es, contou com a participa\u00e7\u00e3o das Secretarias de Estado de Governo (Segov), Transporte e Obras P\u00fablicas (Setop), Meio Ambiente e Desenvolvimento Sustent\u00e1vel (Semad), Desenvolvimento Regional, Pol\u00edtica Urbana e Gest\u00e3o Metropolitana (Sedru), Desenvolvimento e Integra\u00e7\u00e3o do Norte e Nordeste de Minas Gerais (Sedinor), al\u00e9m da Companhia de Saneamento de Minas Gerais (Copasa), Instituto Mineiro de Gest\u00e3o das \u00c1guas (Igam), Ag\u00eancia de Desenvolvimento da Regi\u00e3o Metropolitana, Ruralminas, Defesa Civil e Funda\u00e7\u00e3o HidroEX.<\/p>\n<p>O pr\u00f3ximo encontro da for\u00e7a-tarefa ser\u00e1 no dia 9 deste m\u00eas, onde os \u00f3rg\u00e3os apresentar\u00e3o um levantamento detalhado de todos os projetos e obras de sua compet\u00eancia referentes a recursos h\u00eddricos no Estado para que n\u00e3o haja sobreposi\u00e7\u00e3o de recursos e iniciativas. O estudo ser\u00e1 o ponto de partida para as a\u00e7\u00f5es do governo de Minas, que j\u00e1 tem outro encontro agendado com o governo federal em 15 dias.<\/p>\n<p>O decreto do governador Fernando Pimentel, que criou a for\u00e7a-tarefa, foi publicado no di\u00e1rio oficial de Minas Gerais do dia 28 de janeiro. A medida se baseia nos dados do relat\u00f3rio \u201cPanorama Atual do Abastecimento de \u00c1gua\u201d, elaborado pela Copasa. O grupo dever\u00e1 atuar de maneira articulada com o Conselho Estadual de Recursos H\u00eddricos (CERH-MG) e encaminhar ao governador do Estado, no prazo 180 dias, o relat\u00f3rio final com a descri\u00e7\u00e3o do trabalho, as conclus\u00f5es e recomenda\u00e7\u00f5es obtidas a partir dele.<\/p>\n<p><img decoding=\"async\" src=\"http:\/\/aconteceunovale.com.br\/portal\/wp-content\/uploads\/2015\/02\/governo-de-minas-faz-primeira-reuniao-da-forca-tarefa-para-gerir-abastecimento-de-agua.jpg\" alt=\"\" \/><em>Em reuni\u00e3o coordenada pelo secret\u00e1rio Helv\u00e9cio Magalh\u00e3es, integrantes da for\u00e7a-tarefa apresentaram primeiras medidas para gest\u00e3o das \u00e1guas em Minas &#8211; Foto: Michelle Aguiar\/Seplag<\/em><br \/>\n<\/br><\/p>\n<p><strong><em>(Ag\u00eancia Minas)<\/em><\/strong><\/p>\n","protected":false},"excerpt":{"rendered":"<p>Grupo estipula prazo para levantar projetos e obras relacionados \u00e0 gest\u00e3o h\u00eddrica em Minas e entregar relat\u00f3rio final ao governador Os \u00f3rg\u00e3os e entidades do Governo de Minas que integram a for\u00e7a-tarefa para gerir o abastecimento de \u00e1gua no Estado realizaram nesta segunda-feira (2\/2) a primeira reuni\u00e3o de trabalho. Foram apresentadas as medidas iniciais para [&hellip;]<\/p>\n","protected":false},"author":1,"featured_media":51586,"comment_status":"open","ping_status":"closed","sticky":false,"template":"","format":"standard","meta":{"amp_status":"","footnotes":""},"categories":[123],"tags":[32153,32154,32152,32155,32156,32151],"class_list":["post-51585","post","type-post","status-publish","format-standard","has-post-thumbnail","hentry","category-gerais","tag-abastecimento-de-agua","tag-abastecimento-de-agua-em-minas-gerais","tag-forca-tarefa-para-gerir-abastecimento-de-agua","tag-gerir-abastecimento-de-agua","tag-gerir-abastecimento-de-agua-em-minas-gerais","tag-governo-de-minas-faz-primeira-reuniao-da-forca-tarefa-para-gerir-abastecimento-de-agua"],"_links":{"self":[{"href":"https:\/\/aconteceunovale.com.br\/portal\/index.php?rest_route=\/wp\/v2\/posts\/51585","targetHints":{"allow":["GET"]}}],"collection":[{"href":"https:\/\/aconteceunovale.com.br\/portal\/index.php?rest_route=\/wp\/v2\/posts"}],"about":[{"href":"https:\/\/aconteceunovale.com.br\/portal\/index.php?rest_route=\/wp\/v2\/types\/post"}],"author":[{"embeddable":true,"href":"https:\/\/aconteceunovale.com.br\/portal\/index.php?rest_route=\/wp\/v2\/users\/1"}],"replies":[{"embeddable":true,"href":"https:\/\/aconteceunovale.com.br\/portal\/index.php?rest_route=%2Fwp%2Fv2%2Fcomments&post=51585"}],"version-history":[{"count":0,"href":"https:\/\/aconteceunovale.com.br\/portal\/index.php?rest_route=\/wp\/v2\/posts\/51585\/revisions"}],"wp:featuredmedia":[{"embeddable":true,"href":"https:\/\/aconteceunovale.com.br\/portal\/index.php?rest_route=\/wp\/v2\/media\/51586"}],"wp:attachment":[{"href":"https:\/\/aconteceunovale.com.br\/portal\/index.php?rest_route=%2Fwp%2Fv2%2Fmedia&parent=51585"}],"wp:term":[{"taxonomy":"category","embeddable":true,"href":"https:\/\/aconteceunovale.com.br\/portal\/index.php?rest_route=%2Fwp%2Fv2%2Fcategories&post=51585"},{"taxonomy":"post_tag","embeddable":true,"href":"https:\/\/aconteceunovale.com.br\/portal\/index.php?rest_route=%2Fwp%2Fv2%2Ftags&post=51585"}],"curies":[{"name":"wp","href":"https:\/\/api.w.org\/{rel}","templated":true}]}}