{"id":51575,"date":"2015-02-02T11:37:13","date_gmt":"2015-02-02T14:37:13","guid":{"rendered":"http:\/\/aconteceunovale.com.br\/portal\/?p=51575"},"modified":"2015-02-02T11:38:39","modified_gmt":"2015-02-02T14:38:39","slug":"carnaporto-2015-sera-o-maior-da-historia-do-evento","status":"publish","type":"post","link":"https:\/\/aconteceunovale.com.br\/portal\/?p=51575","title":{"rendered":"Carnaporto 2015 ser\u00e1 o maior da hist\u00f3ria do evento"},"content":{"rendered":"<h4><strong><em>Entrega de abad\u00e1s come\u00e7a dia 15 de fevereiro \u00e0s 10h da manh\u00e3 na pr\u00f3pria Arena<\/em><\/strong><\/h4>\n<p>Faltam menos de 20 dias para o Carnaporto Ax\u00e9 Moi 2015, e, segundo a organiza\u00e7\u00e3o do evento, j\u00e1 est\u00e1 tudo pronto. A Arena foi 100% reformada para receber o p\u00fablico que promete bater recordes este ano em que o evento completa 18 anos. Para facilitar o acesso dos foli\u00f5es, a entrega de abad\u00e1s come\u00e7a no domingo, 15 de fevereiro.<\/p>\n<p>De 15 a 17 de fevereiro, a entrega ocorrer\u00e1 das 10h \u00e0s 18h. No dia 18, a entrega ser\u00e1 das 10h a meia noite, com plant\u00e3o at\u00e9 uma da manh\u00e3 do dia 19. E nos dias 19 e 20 de fevereiro, o foli\u00e3o pode pegar seu abad\u00e1 das 13h a meia noite.<\/p>\n<p><img decoding=\"async\" src=\"http:\/\/aconteceunovale.com.br\/portal\/wp-content\/uploads\/2015\/02\/dia15_carnaporto_2013_187.jpg\" alt=\"\" \/><em>Carnaporto 2015 ser\u00e1 o maior da hist\u00f3ria do evento &#8211; Foto: Divulga\u00e7\u00e3o<\/em><br \/>\n<\/br><\/p>\n<p>O posto de credenciamento e de entrega os abad\u00e1s \u00e9 um dos diferenciais da Arena Ax\u00e9 Moi. Com ar condicionado central e 35 posi\u00e7\u00f5es de atendimento, computadores, c\u00e2meras fotogr\u00e1ficas, leitores de impress\u00e3o digital. A portaria \u00e9 informatizada, com equipamentos para acesso via cart\u00f5es com c\u00f3digo de barras, leitura de impress\u00f5es digitais e fotos. Tudo para melhor atender o p\u00fablico que vem de v\u00e1rias partes do mundo curtir a festa.<\/p>\n<p>Atrav\u00e9s das redes sociais, o p\u00fablico tem demonstrado muita anima\u00e7\u00e3o com a proximidade do Carnaporto 2015. Ser\u00e3o tr\u00eas dias de festa (18, 19 e 20 de fevereiro), com 9 atra\u00e7\u00f5es, sendo tr\u00eas apresenta\u00e7\u00f5es por dia: Cl\u00e1udia Leitte, Bell Marques, Monobloco, Jammil, Banda Eva, Saulo, Cheiro de Amor, Avi\u00f5es do Forr\u00f3 e o cantor Tomate. <\/p>\n<p>Para muitos artistas, como a cantora Cl\u00e1udia Leitte, o Carnaporto \u00e9 uma parada obrigat\u00f3ria. \u201cCarnaval s\u00f3 \u00e9 carnaval se eu vier para o Carnaporto Ax\u00e9 Moi. J\u00e1 virou tradi\u00e7\u00e3o\u201d, afirma. Para Bell Marques, outro grande artista que estar\u00e1 no evento, se apresentar na Arena tem um sabor particular: \u201cFoi aqui, um ano atr\u00e1s, que fiz o meu primeiro show em carreira solo. Voltar aqui sempre \u00e9 especial\u201d.<\/p>\n<p>Acesse o site do evento (<a href=\"http:\/\/www.carnaporto-axemoi.com.br\/2015\/?cod=2275\" target=\"_blank\">www.carnaporto-axemoi.com.br\/2015\/<\/a>) para comprar seu passaporte, ou ligue para 73 32888930 e saiba mais.<\/p>\n","protected":false},"excerpt":{"rendered":"<p>Entrega de abad\u00e1s come\u00e7a dia 15 de fevereiro \u00e0s 10h da manh\u00e3 na pr\u00f3pria Arena Faltam menos de 20 dias para o Carnaporto Ax\u00e9 Moi 2015, e, segundo a organiza\u00e7\u00e3o do evento, j\u00e1 est\u00e1 tudo pronto. A Arena foi 100% reformada para receber o p\u00fablico que promete bater recordes este ano em que o evento [&hellip;]<\/p>\n","protected":false},"author":1,"featured_media":51576,"comment_status":"open","ping_status":"closed","sticky":false,"template":"","format":"standard","meta":{"amp_status":"","footnotes":""},"categories":[125],"tags":[32131,32133,29639,29638,32129,29640,32130,32132,32134],"class_list":["post-51575","post","type-post","status-publish","format-standard","has-post-thumbnail","hentry","category-noticias","tag-abada-carnaporto-2015","tag-abada-para-o-carnaval-de-porto-seguro","tag-carnaporto","tag-carnaporto-2015","tag-carnaporto-2015-sera-o-maior-da-historia-do-evento","tag-comprar-abada-carnaporto-2015","tag-maior-carnaporto-da-historia","tag-onde-posso-comprar-abada-para-o-carnaporto-2015","tag-quero-comprar-abada-para-o-carnaval-de-porto-seguro"],"_links":{"self":[{"href":"https:\/\/aconteceunovale.com.br\/portal\/index.php?rest_route=\/wp\/v2\/posts\/51575","targetHints":{"allow":["GET"]}}],"collection":[{"href":"https:\/\/aconteceunovale.com.br\/portal\/index.php?rest_route=\/wp\/v2\/posts"}],"about":[{"href":"https:\/\/aconteceunovale.com.br\/portal\/index.php?rest_route=\/wp\/v2\/types\/post"}],"author":[{"embeddable":true,"href":"https:\/\/aconteceunovale.com.br\/portal\/index.php?rest_route=\/wp\/v2\/users\/1"}],"replies":[{"embeddable":true,"href":"https:\/\/aconteceunovale.com.br\/portal\/index.php?rest_route=%2Fwp%2Fv2%2Fcomments&post=51575"}],"version-history":[{"count":0,"href":"https:\/\/aconteceunovale.com.br\/portal\/index.php?rest_route=\/wp\/v2\/posts\/51575\/revisions"}],"wp:featuredmedia":[{"embeddable":true,"href":"https:\/\/aconteceunovale.com.br\/portal\/index.php?rest_route=\/wp\/v2\/media\/51576"}],"wp:attachment":[{"href":"https:\/\/aconteceunovale.com.br\/portal\/index.php?rest_route=%2Fwp%2Fv2%2Fmedia&parent=51575"}],"wp:term":[{"taxonomy":"category","embeddable":true,"href":"https:\/\/aconteceunovale.com.br\/portal\/index.php?rest_route=%2Fwp%2Fv2%2Fcategories&post=51575"},{"taxonomy":"post_tag","embeddable":true,"href":"https:\/\/aconteceunovale.com.br\/portal\/index.php?rest_route=%2Fwp%2Fv2%2Ftags&post=51575"}],"curies":[{"name":"wp","href":"https:\/\/api.w.org\/{rel}","templated":true}]}}