{"id":51573,"date":"2015-02-02T11:14:20","date_gmt":"2015-02-02T14:14:20","guid":{"rendered":"http:\/\/aconteceunovale.com.br\/portal\/?p=51573"},"modified":"2015-02-02T11:14:20","modified_gmt":"2015-02-02T14:14:20","slug":"governo-reconhece-situacao-de-emergencia-em-vargem-grande-do-rio-pardo-e-berizal","status":"publish","type":"post","link":"https:\/\/aconteceunovale.com.br\/portal\/?p=51573","title":{"rendered":"Governo reconhece situa\u00e7\u00e3o de emerg\u00eancia em Vargem Grande do Rio Pardo e Berizal"},"content":{"rendered":"<h4><strong><em>Vargem Grande do Rio Pardo e Berizal foram atingidos pela estiagem. Capit\u00e3o Andrade, no Leste de Minas, receber\u00e1 repasse de R$ 1,4 milh\u00e3o.<\/em><\/strong><\/h4>\n<p>O Minist\u00e9rio da Integra\u00e7\u00e3o Nacional reconheceu a situa\u00e7\u00e3o de emerg\u00eancia em munic\u00edpios dos estados da Bahia, de Minas Gerais, do Rio Grande do Sul e de Santa Cataria. Ao todo s\u00e3o cinco localidades: Santa Maria da Vit\u00f3ria (BA), Vargem Grande do Rio Pardo (MG) e Berizal (MG) foram atingidos pela estiagem. J\u00e1 Ibarama (RS) sofreu com as chuvas intensas e Gr\u00e3o-Par\u00e1 (SC) com enxurradas. A portaria que reconhece a situa\u00e7\u00e3o de emerg\u00eancia foi publicada no Di\u00e1rio Oficial da Uni\u00e3o de hoje (02).<\/p>\n<p>Em uma segunda publica\u00e7\u00e3o do Di\u00e1rio Oficial, o Minist\u00e9rio da Integra\u00e7\u00e3o autoriza o empenho e repasse de R$ 1,4 milh\u00e3o ao munic\u00edpio mineiro de Capit\u00e3o Andrade. A verba foi autorizada para a \u201cexecu\u00e7\u00e3o de obras de reconstru\u00e7\u00e3o de danos causados por inunda\u00e7\u00f5es\u201d, diz a portaria.<\/p>\n<p>O prazo para a execu\u00e7\u00e3o das obras \u00e9 365 dias contados a partir de hoje, data da publica\u00e7\u00e3o das portarias. De acordo com o texto, o recurso deve ser usado exclusivamente para as a\u00e7\u00f5es que constam no Plano de Trabalho e o munic\u00edpio deve prestar contas em at\u00e9 30 dias ap\u00f3s o t\u00e9rmino do prazo de execu\u00e7\u00e3o das obras.<\/p>\n","protected":false},"excerpt":{"rendered":"<p>Vargem Grande do Rio Pardo e Berizal foram atingidos pela estiagem. Capit\u00e3o Andrade, no Leste de Minas, receber\u00e1 repasse de R$ 1,4 milh\u00e3o. O Minist\u00e9rio da Integra\u00e7\u00e3o Nacional reconheceu a situa\u00e7\u00e3o de emerg\u00eancia em munic\u00edpios dos estados da Bahia, de Minas Gerais, do Rio Grande do Sul e de Santa Cataria. Ao todo s\u00e3o cinco [&hellip;]<\/p>\n","protected":false},"author":1,"featured_media":42997,"comment_status":"open","ping_status":"closed","sticky":false,"template":"","format":"standard","meta":{"amp_status":"","footnotes":""},"categories":[123],"tags":[1342,279,1191,19329,32128,32127,32126,21893,32125,144,1372,3046],"class_list":["post-51573","post","type-post","status-publish","format-standard","has-post-thumbnail","hentry","category-gerais","tag-berizal","tag-capitao-andrade","tag-chuvas","tag-diario-oficial-da-uniao","tag-governo-reconhece-situacao-de-emergencia-em-vargem-grande-do-rio-pardo-e-berizal","tag-grao-para","tag-ibarama","tag-municipios","tag-santa-maria-da-vitoria","tag-seca","tag-situacao-de-emergencia","tag-vargem-grande-do-rio-pardo"],"_links":{"self":[{"href":"https:\/\/aconteceunovale.com.br\/portal\/index.php?rest_route=\/wp\/v2\/posts\/51573","targetHints":{"allow":["GET"]}}],"collection":[{"href":"https:\/\/aconteceunovale.com.br\/portal\/index.php?rest_route=\/wp\/v2\/posts"}],"about":[{"href":"https:\/\/aconteceunovale.com.br\/portal\/index.php?rest_route=\/wp\/v2\/types\/post"}],"author":[{"embeddable":true,"href":"https:\/\/aconteceunovale.com.br\/portal\/index.php?rest_route=\/wp\/v2\/users\/1"}],"replies":[{"embeddable":true,"href":"https:\/\/aconteceunovale.com.br\/portal\/index.php?rest_route=%2Fwp%2Fv2%2Fcomments&post=51573"}],"version-history":[{"count":0,"href":"https:\/\/aconteceunovale.com.br\/portal\/index.php?rest_route=\/wp\/v2\/posts\/51573\/revisions"}],"wp:featuredmedia":[{"embeddable":true,"href":"https:\/\/aconteceunovale.com.br\/portal\/index.php?rest_route=\/wp\/v2\/media\/42997"}],"wp:attachment":[{"href":"https:\/\/aconteceunovale.com.br\/portal\/index.php?rest_route=%2Fwp%2Fv2%2Fmedia&parent=51573"}],"wp:term":[{"taxonomy":"category","embeddable":true,"href":"https:\/\/aconteceunovale.com.br\/portal\/index.php?rest_route=%2Fwp%2Fv2%2Fcategories&post=51573"},{"taxonomy":"post_tag","embeddable":true,"href":"https:\/\/aconteceunovale.com.br\/portal\/index.php?rest_route=%2Fwp%2Fv2%2Ftags&post=51573"}],"curies":[{"name":"wp","href":"https:\/\/api.w.org\/{rel}","templated":true}]}}