{"id":51559,"date":"2015-02-02T10:33:17","date_gmt":"2015-02-02T13:33:17","guid":{"rendered":"http:\/\/aconteceunovale.com.br\/portal\/?p=51559"},"modified":"2015-02-02T10:33:17","modified_gmt":"2015-02-02T13:33:17","slug":"presos-serram-grades-e-fogem-da-cadeia-de-bocaiuva","status":"publish","type":"post","link":"https:\/\/aconteceunovale.com.br\/portal\/?p=51559","title":{"rendered":"Presos serram grades e fogem da cadeia de Bocaiuva"},"content":{"rendered":"<h4><strong><em>Fugitivos t\u00eam 20, 22 e 29 anos, segundo a Pol\u00edcia Militar. Eles respondem por homic\u00eddio, tentativa de homic\u00eddio, furto e roubo. <\/em><\/strong><\/h4>\n<p>Tr\u00eas detentos fugiram neste domingo, 1\u00ba de fevereiro, da Cadeia P\u00fablica de Bocaiuva, no Norte de Minas. De acordo com a Pol\u00edcia Militar, eles serraram grades e escalaram dois muros para sa\u00edrem da unidade prisional.<\/p>\n<p>Ainda segundo a PM, Luiz Miguel Rodrigues dos Santos, de 20 anos, cumpre pena por amea\u00e7a, roubo e tentativa de homic\u00eddio, Jenecy dos Santos  Andrade, de 22, responde por homic\u00eddio e porte ilegal de arma de fogo, e Cl\u00e9bson Ant\u00f4nio Fonseca, de 29 anos, foi preso por furto. Os tr\u00eas homens ainda n\u00e3o foram recapturados. (G1)<\/p>\n","protected":false},"excerpt":{"rendered":"<p>Fugitivos t\u00eam 20, 22 e 29 anos, segundo a Pol\u00edcia Militar. Eles respondem por homic\u00eddio, tentativa de homic\u00eddio, furto e roubo. Tr\u00eas detentos fugiram neste domingo, 1\u00ba de fevereiro, da Cadeia P\u00fablica de Bocaiuva, no Norte de Minas. De acordo com a Pol\u00edcia Militar, eles serraram grades e escalaram dois muros para sa\u00edrem da unidade [&hellip;]<\/p>\n","protected":false},"author":1,"featured_media":42404,"comment_status":"open","ping_status":"closed","sticky":false,"template":"","format":"standard","meta":{"amp_status":"","footnotes":""},"categories":[1236],"tags":[645,32098,32094,32097,32096,32095,32093],"class_list":["post-51559","post","type-post","status-publish","format-standard","has-post-thumbnail","hentry","category-norte_de_minas","tag-bocaiuva","tag-clebson-antonio-fonseca","tag-fuga-da-cadeia-de-bocaiuva","tag-jenecy-dos-santos-andrade","tag-luiz-miguel-rodrigues-dos-santos","tag-presos-fogem-da-cadeia-de-bocaiuva","tag-presos-serram-grades-e-fogem-da-cadeia-de-bocaiuva"],"_links":{"self":[{"href":"https:\/\/aconteceunovale.com.br\/portal\/index.php?rest_route=\/wp\/v2\/posts\/51559","targetHints":{"allow":["GET"]}}],"collection":[{"href":"https:\/\/aconteceunovale.com.br\/portal\/index.php?rest_route=\/wp\/v2\/posts"}],"about":[{"href":"https:\/\/aconteceunovale.com.br\/portal\/index.php?rest_route=\/wp\/v2\/types\/post"}],"author":[{"embeddable":true,"href":"https:\/\/aconteceunovale.com.br\/portal\/index.php?rest_route=\/wp\/v2\/users\/1"}],"replies":[{"embeddable":true,"href":"https:\/\/aconteceunovale.com.br\/portal\/index.php?rest_route=%2Fwp%2Fv2%2Fcomments&post=51559"}],"version-history":[{"count":0,"href":"https:\/\/aconteceunovale.com.br\/portal\/index.php?rest_route=\/wp\/v2\/posts\/51559\/revisions"}],"wp:featuredmedia":[{"embeddable":true,"href":"https:\/\/aconteceunovale.com.br\/portal\/index.php?rest_route=\/wp\/v2\/media\/42404"}],"wp:attachment":[{"href":"https:\/\/aconteceunovale.com.br\/portal\/index.php?rest_route=%2Fwp%2Fv2%2Fmedia&parent=51559"}],"wp:term":[{"taxonomy":"category","embeddable":true,"href":"https:\/\/aconteceunovale.com.br\/portal\/index.php?rest_route=%2Fwp%2Fv2%2Fcategories&post=51559"},{"taxonomy":"post_tag","embeddable":true,"href":"https:\/\/aconteceunovale.com.br\/portal\/index.php?rest_route=%2Fwp%2Fv2%2Ftags&post=51559"}],"curies":[{"name":"wp","href":"https:\/\/api.w.org\/{rel}","templated":true}]}}