{"id":51555,"date":"2015-02-02T10:24:34","date_gmt":"2015-02-02T13:24:34","guid":{"rendered":"http:\/\/aconteceunovale.com.br\/portal\/?p=51555"},"modified":"2015-02-02T10:25:17","modified_gmt":"2015-02-02T13:25:17","slug":"mais-de-dois-milhoes-de-estudantes-voltam-as-aulas-na-rede-estadual-nesta-terca-feira","status":"publish","type":"post","link":"https:\/\/aconteceunovale.com.br\/portal\/?p=51555","title":{"rendered":"Mais de dois milh\u00f5es de estudantes voltam \u00e0s aulas na rede estadual nesta ter\u00e7a-feira"},"content":{"rendered":"<h4><strong><em>Retomada do ano letivo traz mudan\u00e7as constru\u00eddas a partir do di\u00e1logo com movimentos sociais da educa\u00e7\u00e3o<\/em><\/strong><\/h4>\n<p>Esta semana marca o in\u00edcio do per\u00edodo letivo nas 3.654 escolas estaduais de Minas Gerais. Os 2,17 milh\u00f5es de estudantes mineiros retomam a rotina de aulas a partir desta ter\u00e7a-feira (3) e v\u00e3o cumprir um calend\u00e1rio de 200 dias letivos, conforme estabelecido pela Lei de Diretrizes e Bases da Educa\u00e7\u00e3o (LDB). Com o compromisso de tornar a educa\u00e7\u00e3o mineira mais democr\u00e1tica a partir deste ano, a secret\u00e1ria de Estado de Educa\u00e7\u00e3o, Maca\u00e9 Evaristo, concentrou seu primeiro m\u00eas de trabalho em preparar o retorno de servidores e alunos \u00e0s escolas, sempre tomando como base o ingrediente que vai ser o principal de sua gest\u00e3o: o di\u00e1logo.<\/p>\n<p>A elabora\u00e7\u00e3o da resolu\u00e7\u00e3o do Quadro de Escolas, que estabelece normas para a organiza\u00e7\u00e3o do Quadro de Pessoal das Escolas Estaduais e a designa\u00e7\u00e3o, \u00e9 um bom exemplo. O documento foi elaborado com a participa\u00e7\u00e3o de entidades ligadas \u00e0 Educa\u00e7\u00e3o, como o Sindicato \u00danico dos Trabalhadores em Educa\u00e7\u00e3o de Minas Gerais (Sind-UTE) e a Associa\u00e7\u00e3o de Diretores de Escolas Oficiais de Minas Gerais (Adeomg). Mesmo com apenas um m\u00eas de trabalho, a resolu\u00e7\u00e3o traz mudan\u00e7as significativas, que refletem os anseios dos servidores da Educa\u00e7\u00e3o, tanto para o ensino Fundamental, quanto para o M\u00e9dio.<\/p>\n<p><img decoding=\"async\" src=\"http:\/\/aconteceunovale.com.br\/portal\/wp-content\/uploads\/2015\/02\/mais-de-dois-milhoes-de-estudantes-voltam-as-aulas-na-rede-estadual-nesta-terca-feira.jpg\" alt=\"\" \/><em>Ano letivo come\u00e7a com novidades nos ensinos M\u00e9dio e Fundamental &#8211; Foto: Osvaldo Afonso\/Ag\u00eancia Minas<\/em><br \/>\n<\/br><\/p>\n<h4>Mudan\u00e7as no Ensino M\u00e9dio<\/h4>\n<p>No Ensino M\u00e9dio, os alunos voltam a ter carga hor\u00e1ria anual de 833 horas e 20 minutos e uma carga hor\u00e1ria total de 2.500 horas. A Resolu\u00e7\u00e3o 2.742\/2015, publicada em 23 de janeiro, paralisou as atividades do Programa Reinventando o Ensino M\u00e9dio, criado na gest\u00e3o anterior e, com isso, o sexto hor\u00e1rio de aulas deixa de existir a partir deste ano. Para tomar essa decis\u00e3o, a nova gest\u00e3o da Educa\u00e7\u00e3o ouviu alunos, professores, diretores e at\u00e9 prefeitos municipais, que apontavam problemas na implementa\u00e7\u00e3o do programa, tais como a dificuldade com a log\u00edstica de transporte, investimentos nas escolas, alimenta\u00e7\u00e3o dos estudantes e forma\u00e7\u00e3o adequada dos professores.<\/p>\n<p>\u201cN\u00f3s tivemos uma s\u00e9rie de quest\u00f5es em torno do programa que cabe a gente reavaliar. Tem uma quest\u00e3o fundamental: n\u00f3s precisamos melhorar o Ensino M\u00e9dio, mas a gente precisa fazer isso de uma maneira dialogada com os profissionais da Educa\u00e7\u00e3o que est\u00e3o atuando com essa etapa da Educa\u00e7\u00e3o B\u00e1sica, dialogada com os estudantes e com as fam\u00edlias e tamb\u00e9m \u00e9 preciso fazer um di\u00e1logo com os munic\u00edpios\u201d, afirma Maca\u00e9 Evaristo.<\/p>\n<p>Tamb\u00e9m no Ensino M\u00e9dio foram alteradas as regras que permitem que o aluno estude \u00e0 noite. Para estudar no per\u00edodo noturno, o aluno matriculado nesta etapa precisa comprovar o v\u00ednculo empregat\u00edcio. Neste ano, essa comprova\u00e7\u00e3o ficou mais f\u00e1cil. Al\u00e9m da carteira de trabalho e do contrato, o aluno pode comprovar que trabalha com a apresenta\u00e7\u00e3o da previd\u00eancia social, em que se comprove a inscri\u00e7\u00e3o e recolhimento como trabalhador aut\u00f4nomo ou a apresenta\u00e7\u00e3o de declara\u00e7\u00e3o firmada por um respons\u00e1vel e pelo pr\u00f3prio adolescente maior de 16 anos.<\/p>\n<p>Al\u00e9m disso, tamb\u00e9m foi ampliada a lista de quem pode estudar \u00e0 noite. Al\u00e9m de jovens ligados a Programas de Menor Aprendiz, pessoas matriculadas em turmas da Educa\u00e7\u00e3o de Jovens e Adultos (EJA) e que participassem de Programas de Educa\u00e7\u00e3o Profissional concomitantes ao Ensino M\u00e9dio, tamb\u00e9m est\u00e3o inclu\u00eddos aqueles regularmente matriculados como estagi\u00e1rios, os que est\u00e3o submetidos a medidas socioeducativas, al\u00e9m de m\u00e3es e pais adolescentes com filhos menores de seis anos.<\/p>\n<h4>Educa\u00e7\u00e3o F\u00edsica nos anos iniciais<\/h4>\n<p>No Ensino Fundamental, uma das principais mudan\u00e7as \u00e9 a permiss\u00e3o para que o professor habilitado em Educa\u00e7\u00e3o F\u00edsica lecione em turmas dos anos iniciais. At\u00e9 o ano passado, o respons\u00e1vel por conduzir as aulas de Educa\u00e7\u00e3o F\u00edsica nesta etapa de ensino era o regente de turma. Com a nova resolu\u00e7\u00e3o, podem dar aulas professores de Educa\u00e7\u00e3o F\u00edsica efetivos da escola que tenham hor\u00e1rio dispon\u00edvel ou poder\u00e3o ser designados professores habilitados para conduzir a aula. A Educa\u00e7\u00e3o F\u00edsica somente ser\u00e1 ministrada pelo regente da turma caso a escola n\u00e3o tenha um professor efetivo ou n\u00e3o consiga contratar um designado habilitado.<\/p>\n<h4>Conscientiza\u00e7\u00e3o sobre economia de \u00e1gua<\/h4>\n<p>Mais de dois milh\u00f5es de alunos estudam nas escolas p\u00fablicas estaduais, que est\u00e3o instaladas em 852 dos 853 munic\u00edpios.  Esses estudantes podem ser agentes importantes para sensibilizar familiares sobre a import\u00e2ncia de economizar \u00e1gua. A\u00e7\u00f5es e projetos a serem desenvolvidos pelas pr\u00f3prias escolas, conforme realidade de cada comunidade escolar, em prol do combate ao desperd\u00edcio e do uso consciente da \u00e1gua, norteiam as diretrizes da atual administra\u00e7\u00e3o da SEE.<\/p>\n<p>Um bom exemplo do uso consciente da \u00e1gua est\u00e1 na Escola Estadual C\u00f4nego Lu\u00eds Vieira da Silva, em Ouro Branco. A institui\u00e7\u00e3o conta com uma horta que oferece uma variedade de hortali\u00e7as e legumes e a \u00e1gua usada parar irrigar os vegetais \u00e9 a da chuva. A escola conta com um sistema de calhas que capta \u00e1gua da chuva e armazena em uma cisterna. A institui\u00e7\u00e3o implantou o sistema ap\u00f3s ganhar um pr\u00eamio de educa\u00e7\u00e3o ambiental promovido na regi\u00e3o.<\/p>\n<p>Atualmente, segundo o diretor da escola, Jos\u00e9 Luiz Campo Valli, a caixa d\u2019\u00e1gua de 15 mil litros est\u00e1 cheia e a horta bastante farta. \u201cTemos 600 p\u00e9s de alface, 300 de couve, al\u00e9m de cebolinha e outras variedades\u201d, afirma. Os alimentos produzidos na horta s\u00e3o utilizados na merenda escolar e, segundo o diretor, o sistema de capta\u00e7\u00e3o \u00e9 uma boa forma de abordar com os alunos a import\u00e2ncia de utilizar bem a \u00e1gua.<\/p>\n<p>Com rela\u00e7\u00e3o ao consumo de \u00e1gua nas escolas estaduais, a Secretaria de Estado de Educa\u00e7\u00e3o (SEE) adota um sistema de controle, o Sisconsumo, composto por dois m\u00f3dulos: Sis\u00e1gua e Sisluz.  Por meio desse sistema, cada escola pode monitorar seu pr\u00f3prio consumo mensal de \u00e1gua e energia. Tamb\u00e9m \u00e9 por esse sistema que a SEE faz o acompanhamento do consumo de todas as escolas e, quando \u00e9 detectado um aumento anormal, \u00e9 emitido um alerta para a unidade, com solicita\u00e7\u00e3o de justificativa para o aumento.<\/p>\n<p>Al\u00e9m das atividades de conscientiza\u00e7\u00e3o e do rigoroso controle de consumo j\u00e1 existentes, a rede estadual de ensino estuda novas medidas de redu\u00e7\u00e3o do uso da \u00e1gua em conson\u00e2ncia com as novas pol\u00edticas definidas pelo Governo de Minas Gerais \u2014 para que seja atingida a meta de redu\u00e7\u00e3o de pelo menos 30% no consumo. (Ag\u00eancia Minas)<\/p>\n","protected":false},"excerpt":{"rendered":"<p>Retomada do ano letivo traz mudan\u00e7as constru\u00eddas a partir do di\u00e1logo com movimentos sociais da educa\u00e7\u00e3o Esta semana marca o in\u00edcio do per\u00edodo letivo nas 3.654 escolas estaduais de Minas Gerais. Os 2,17 milh\u00f5es de estudantes mineiros retomam a rotina de aulas a partir desta ter\u00e7a-feira (3) e v\u00e3o cumprir um calend\u00e1rio de 200 dias [&hellip;]<\/p>\n","protected":false},"author":1,"featured_media":51556,"comment_status":"open","ping_status":"closed","sticky":false,"template":"","format":"standard","meta":{"amp_status":"","footnotes":""},"categories":[123],"tags":[32089,32088,32087,32090,32091,32092],"class_list":["post-51555","post","type-post","status-publish","format-standard","has-post-thumbnail","hentry","category-gerais","tag-aulas-na-rede-estadual","tag-estudantes-voltam-as-aulas-na-rede-estadual","tag-mais-de-dois-milhoes-de-estudantes-voltam-as-aulas-na-rede-estadual-nesta-terca-feira","tag-rede-estadual-de-ensino","tag-voltam-as-aulas","tag-voltam-as-aulas-em-minas-gerais"],"_links":{"self":[{"href":"https:\/\/aconteceunovale.com.br\/portal\/index.php?rest_route=\/wp\/v2\/posts\/51555","targetHints":{"allow":["GET"]}}],"collection":[{"href":"https:\/\/aconteceunovale.com.br\/portal\/index.php?rest_route=\/wp\/v2\/posts"}],"about":[{"href":"https:\/\/aconteceunovale.com.br\/portal\/index.php?rest_route=\/wp\/v2\/types\/post"}],"author":[{"embeddable":true,"href":"https:\/\/aconteceunovale.com.br\/portal\/index.php?rest_route=\/wp\/v2\/users\/1"}],"replies":[{"embeddable":true,"href":"https:\/\/aconteceunovale.com.br\/portal\/index.php?rest_route=%2Fwp%2Fv2%2Fcomments&post=51555"}],"version-history":[{"count":0,"href":"https:\/\/aconteceunovale.com.br\/portal\/index.php?rest_route=\/wp\/v2\/posts\/51555\/revisions"}],"wp:featuredmedia":[{"embeddable":true,"href":"https:\/\/aconteceunovale.com.br\/portal\/index.php?rest_route=\/wp\/v2\/media\/51556"}],"wp:attachment":[{"href":"https:\/\/aconteceunovale.com.br\/portal\/index.php?rest_route=%2Fwp%2Fv2%2Fmedia&parent=51555"}],"wp:term":[{"taxonomy":"category","embeddable":true,"href":"https:\/\/aconteceunovale.com.br\/portal\/index.php?rest_route=%2Fwp%2Fv2%2Fcategories&post=51555"},{"taxonomy":"post_tag","embeddable":true,"href":"https:\/\/aconteceunovale.com.br\/portal\/index.php?rest_route=%2Fwp%2Fv2%2Ftags&post=51555"}],"curies":[{"name":"wp","href":"https:\/\/api.w.org\/{rel}","templated":true}]}}