{"id":51552,"date":"2015-02-02T10:20:20","date_gmt":"2015-02-02T13:20:20","guid":{"rendered":"http:\/\/aconteceunovale.com.br\/portal\/?p=51552"},"modified":"2015-02-02T10:20:20","modified_gmt":"2015-02-02T13:20:20","slug":"cemig-informa-que-bandeira-tarifaria-de-fevereiro-sera-vermelha","status":"publish","type":"post","link":"https:\/\/aconteceunovale.com.br\/portal\/?p=51552","title":{"rendered":"Cemig informa que bandeira tarif\u00e1ria de fevereiro ser\u00e1 vermelha"},"content":{"rendered":"<h4><strong><em>A bandeira vermelha significa um acr\u00e9scimo de R$0,03 para cada kWh (quilowatt-hora) consumido<\/em><\/strong><\/h4>\n<p>A partir do dia 1\u00ba de fevereiro, a bandeira tarif\u00e1ria em vigor ser\u00e1 vermelha para todos os consumidores brasileiros, exceto para os estados do Amazonas, Amap\u00e1 e Roraima, conforme divulgou a Ag\u00eancia Nacional de Energia El\u00e9trica (Aneel), na \u00faltima sexta-feira (30). A bandeira vermelha significa um acr\u00e9scimo de R$0,03 para cada kWh (quilowatt-hora) consumido.<\/p>\n<p>O sistema de Bandeiras Tarif\u00e1rias \u00e9 composto por tr\u00eas bandeiras: verde, vermelha e amarela. Elas foram criadas para sinalizar se a energia custar\u00e1 mais ou menos em fun\u00e7\u00e3o das condi\u00e7\u00f5es de gera\u00e7\u00e3o de energia, para os quatro subsistemas do Sistema Interligado Nacional (SIN).<\/p>\n<h4>Sistema tarif\u00e1rio<\/h4>\n<p>Desde junho de 2013, a Cemig avisa ao consumidor, por meio da conta de energia el\u00e9trica, a bandeira tarif\u00e1ria que estaria em vigor no m\u00eas. Isso se deu em car\u00e1ter de teste, com o objetivo de facilitar a compreens\u00e3o do consumidor sobre esse novo sistema. Vale ressaltar que na conta n\u00e3o haver\u00e1 nenhuma imagem de bandeira sinalizando a cor da tarifa vigente, mas ser\u00e1 destacado, no campo &#8220;Valores Faturados&#8221;, o custo adicional relativo \u00e0 aplica\u00e7\u00e3o da bandeira tarif\u00e1ria vigente no per\u00edodo. Al\u00e9m disso, o consumidor poder\u00e1 consultar, no site da Cemig e da Aneel, a Bandeira Tarif\u00e1ria vigente naquele m\u00eas.<\/p>\n<p><img decoding=\"async\" src=\"http:\/\/aconteceunovale.com.br\/portal\/wp-content\/uploads\/2015\/02\/bandeira_tarifaria_fevereiro.jpg\" alt=\"\" \/><br \/>\n<\/br><\/p>\n<h4>Economia de energia<\/h4>\n<p>A implanta\u00e7\u00e3o das bandeiras tarif\u00e1rias vai permitir que o consumidor gerencie melhor o consumo. Dessa forma, alguns h\u00e1bitos simples podem ser adotados sem perda do conforto, proporcionando a utiliza\u00e7\u00e3o racional da energia el\u00e9trica. Al\u00e9m de reduzir a conta de energia no fim do m\u00eas, a popula\u00e7\u00e3o pode ajudar o pa\u00eds a se recuperar de um ano em condi\u00e7\u00f5es hidrol\u00f3gicas desfavor\u00e1veis.<\/p>\n<p>Uma das principais medidas \u00e9 a chave de temperatura do chuveiro para o ver\u00e3o, nesta \u00e9poca do ano. O chuveiro \u00e9 um dos equipamentos que mais consome energia, devido \u00e0 sua pot\u00eancia &#8211; que \u00e9 muito alta. Mudando o seletor de temperatura da posi\u00e7\u00e3o &#8220;inverno&#8221; para a posi\u00e7\u00e3o &#8220;ver\u00e3o&#8221; a pot\u00eancia \u00e9 reduzida em 30%, proporcionando uma redu\u00e7\u00e3o no consumo ao final do m\u00eas de at\u00e9 10%.<\/p>\n<p>Outro eletrodom\u00e9stico que consome muita energia \u00e9 a geladeira, devido ao seu tempo di\u00e1rio de uso. Um equipamento em bom estado de uso funciona 12 horas por dia, ou seja, 360 horas por m\u00eas, mas \u00e9 comum encontrar geladeiras, em m\u00e1s condi\u00e7\u00f5es de conserva\u00e7\u00e3o, funcionando mais de 600 horas por m\u00eas.<\/p>\n<p>Com rela\u00e7\u00e3o ao ar condicionado, o ideal \u00e9 que ele seja ligado depois de garantir que o ambiente a ser climatizado esteja totalmente fechado, verificando portas e janelas. O aparelho deve ser dimensionado de acordo com a \u00e1rea do ambiente a ser climatizado.<\/p>\n<p>Essas e outras medidas s\u00e3o importantes para o consumo consciente da energia no Brasil. Seguindo essa tend\u00eancia, o Programa Energia Inteligente, da Cemig, \u00e9 focado na efici\u00eancia energ\u00e9tica e promo\u00e7\u00e3o de iniciativas voltadas para uso consciente e eficaz da energia el\u00e9trica. (Ag\u00eancia Minas)<\/p>\n","protected":false},"excerpt":{"rendered":"<p>A bandeira vermelha significa um acr\u00e9scimo de R$0,03 para cada kWh (quilowatt-hora) consumido A partir do dia 1\u00ba de fevereiro, a bandeira tarif\u00e1ria em vigor ser\u00e1 vermelha para todos os consumidores brasileiros, exceto para os estados do Amazonas, Amap\u00e1 e Roraima, conforme divulgou a Ag\u00eancia Nacional de Energia El\u00e9trica (Aneel), na \u00faltima sexta-feira (30). A [&hellip;]<\/p>\n","protected":false},"author":1,"featured_media":51339,"comment_status":"open","ping_status":"closed","sticky":false,"template":"","format":"standard","meta":{"amp_status":"","footnotes":""},"categories":[123],"tags":[26917,26918,32085,347,32084,32086],"class_list":["post-51552","post","type-post","status-publish","format-standard","has-post-thumbnail","hentry","category-gerais","tag-agencia-nacional-de-energia-eletrica","tag-aneel","tag-bandeira-tarifaria-de-fevereiro","tag-cemig","tag-cemig-informa-que-bandeira-tarifaria-de-fevereiro-sera-vermelha","tag-sistema-tarifario"],"_links":{"self":[{"href":"https:\/\/aconteceunovale.com.br\/portal\/index.php?rest_route=\/wp\/v2\/posts\/51552","targetHints":{"allow":["GET"]}}],"collection":[{"href":"https:\/\/aconteceunovale.com.br\/portal\/index.php?rest_route=\/wp\/v2\/posts"}],"about":[{"href":"https:\/\/aconteceunovale.com.br\/portal\/index.php?rest_route=\/wp\/v2\/types\/post"}],"author":[{"embeddable":true,"href":"https:\/\/aconteceunovale.com.br\/portal\/index.php?rest_route=\/wp\/v2\/users\/1"}],"replies":[{"embeddable":true,"href":"https:\/\/aconteceunovale.com.br\/portal\/index.php?rest_route=%2Fwp%2Fv2%2Fcomments&post=51552"}],"version-history":[{"count":0,"href":"https:\/\/aconteceunovale.com.br\/portal\/index.php?rest_route=\/wp\/v2\/posts\/51552\/revisions"}],"wp:featuredmedia":[{"embeddable":true,"href":"https:\/\/aconteceunovale.com.br\/portal\/index.php?rest_route=\/wp\/v2\/media\/51339"}],"wp:attachment":[{"href":"https:\/\/aconteceunovale.com.br\/portal\/index.php?rest_route=%2Fwp%2Fv2%2Fmedia&parent=51552"}],"wp:term":[{"taxonomy":"category","embeddable":true,"href":"https:\/\/aconteceunovale.com.br\/portal\/index.php?rest_route=%2Fwp%2Fv2%2Fcategories&post=51552"},{"taxonomy":"post_tag","embeddable":true,"href":"https:\/\/aconteceunovale.com.br\/portal\/index.php?rest_route=%2Fwp%2Fv2%2Ftags&post=51552"}],"curies":[{"name":"wp","href":"https:\/\/api.w.org\/{rel}","templated":true}]}}