{"id":51546,"date":"2015-02-02T10:08:59","date_gmt":"2015-02-02T13:08:59","guid":{"rendered":"http:\/\/aconteceunovale.com.br\/portal\/?p=51546"},"modified":"2015-02-02T10:08:59","modified_gmt":"2015-02-02T13:08:59","slug":"plantao-do-samu-no-norte-de-minas-gerais-3101-e-0102-de-2015","status":"publish","type":"post","link":"https:\/\/aconteceunovale.com.br\/portal\/?p=51546","title":{"rendered":"Plant\u00e3o do Samu no Norte de Minas Gerais &#8211; 31\/01 e 01\/02 de 2015"},"content":{"rendered":"<h4><strong><em>Final de semana, 31\/01 e 01\/02 de 2015<\/em><\/strong><\/h4>\n<p>A unidade do SAMU de Montes Claros realizou no final de semana, dias 31 de janeiro e 1\u00ba de fevereiro, 99 atendimentos, sendo 69 casos cl\u00ednicos, 26 em decorr\u00eancia de acidentes de tr\u00e2nsito, sendo 12 atendimentos no s\u00e1bado e 14 do domingo, sem nenhuma v\u00edtima fatal; 01 homem de 25 anos que caiu de uma \u00e1rvore na noite de domingo; e 03 casos de agress\u00e3o f\u00edsica, sendo um no s\u00e1bado e dois no domingo.<\/p>\n<p>No domingo, 01\/02, foram registrados 12 atendimentos a v\u00edtimas de acidentes de tr\u00e2nsito envolvendo motocicleta, e duas v\u00edtimas feridas em uma colis\u00e3o entre carro e bicicleta ocorrida por volta das 14h, no bairro Delfino Magalh\u00e3es.<\/p>\n<p>Ainda no domingo, uma mulher de 23 anos sofreu agress\u00e3o f\u00edsica no bairro Morrinho. Ela apresentava corte contuso na cabe\u00e7a; e uma mulher de 67 anos que foi agredida no povoado de Santa Rosa de Lima, regi\u00e3o rural de Montes Claros. Ela apresentava escoria\u00e7\u00f5es nos bra\u00e7os e pernas, edema no tornozelo direito e na testa. E por volta das 22h, um homem de 25 anos caiu de uma \u00e1rvore, no bairro renascen\u00e7a, e se feriu na cabe\u00e7a.<\/p>\n<p>No s\u00e1bado, 31\/01, foram registrados 10 atendimentos a v\u00edtimas de acidentes de tr\u00e2nsito envolvendo motocicleta e duas v\u00edtimas feridas em queda de bicicleta. Por volta das 16h, um homem de 20 anos sofreu agress\u00e3o f\u00edsica no bairro Jardim Ol\u00edmpio e apresentava corte profundo na cabe\u00e7a, corte abaixo do olho direito e na planta do p\u00e9 esquerdo<\/p>\n<p>Em todas as ocorr\u00eancias os feridos receberam os primeiros atendimentos no local e foram encaminhados ao hospital para avalia\u00e7\u00e3o.<\/p>\n","protected":false},"excerpt":{"rendered":"<p>Final de semana, 31\/01 e 01\/02 de 2015 A unidade do SAMU de Montes Claros realizou no final de semana, dias 31 de janeiro e 1\u00ba de fevereiro, 99 atendimentos, sendo 69 casos cl\u00ednicos, 26 em decorr\u00eancia de acidentes de tr\u00e2nsito, sendo 12 atendimentos no s\u00e1bado e 14 do domingo, sem nenhuma v\u00edtima fatal; 01 [&hellip;]<\/p>\n","protected":false},"author":1,"featured_media":46383,"comment_status":"open","ping_status":"closed","sticky":false,"template":"","format":"standard","meta":{"amp_status":"","footnotes":""},"categories":[1236],"tags":[210,24659,24089,18898,18108,32077,18629,21139,4040],"class_list":["post-51546","post","type-post","status-publish","format-standard","has-post-thumbnail","hentry","category-norte_de_minas","tag-montes-claros","tag-plantao-do-samu-de-montes-claros","tag-plantao-do-samu-do-norte-de-minas","tag-plantao-do-samu-macro-norte","tag-plantao-do-samu-no-norte-de-minas-gerais","tag-plantao-do-samu-no-norte-de-minas-gerais-3101-e-0102-de-2015","tag-samu-de-montes-claros","tag-samu-do-norte-de-minas","tag-samu-macro-norte"],"_links":{"self":[{"href":"https:\/\/aconteceunovale.com.br\/portal\/index.php?rest_route=\/wp\/v2\/posts\/51546","targetHints":{"allow":["GET"]}}],"collection":[{"href":"https:\/\/aconteceunovale.com.br\/portal\/index.php?rest_route=\/wp\/v2\/posts"}],"about":[{"href":"https:\/\/aconteceunovale.com.br\/portal\/index.php?rest_route=\/wp\/v2\/types\/post"}],"author":[{"embeddable":true,"href":"https:\/\/aconteceunovale.com.br\/portal\/index.php?rest_route=\/wp\/v2\/users\/1"}],"replies":[{"embeddable":true,"href":"https:\/\/aconteceunovale.com.br\/portal\/index.php?rest_route=%2Fwp%2Fv2%2Fcomments&post=51546"}],"version-history":[{"count":0,"href":"https:\/\/aconteceunovale.com.br\/portal\/index.php?rest_route=\/wp\/v2\/posts\/51546\/revisions"}],"wp:featuredmedia":[{"embeddable":true,"href":"https:\/\/aconteceunovale.com.br\/portal\/index.php?rest_route=\/wp\/v2\/media\/46383"}],"wp:attachment":[{"href":"https:\/\/aconteceunovale.com.br\/portal\/index.php?rest_route=%2Fwp%2Fv2%2Fmedia&parent=51546"}],"wp:term":[{"taxonomy":"category","embeddable":true,"href":"https:\/\/aconteceunovale.com.br\/portal\/index.php?rest_route=%2Fwp%2Fv2%2Fcategories&post=51546"},{"taxonomy":"post_tag","embeddable":true,"href":"https:\/\/aconteceunovale.com.br\/portal\/index.php?rest_route=%2Fwp%2Fv2%2Ftags&post=51546"}],"curies":[{"name":"wp","href":"https:\/\/api.w.org\/{rel}","templated":true}]}}