{"id":51544,"date":"2015-02-02T10:04:24","date_gmt":"2015-02-02T13:04:24","guid":{"rendered":"http:\/\/aconteceunovale.com.br\/portal\/?p=51544"},"modified":"2015-02-02T10:04:24","modified_gmt":"2015-02-02T13:04:24","slug":"previsao-do-tempo-para-minas-gerais-nesta-segunda-feira-2-de-fevereiro","status":"publish","type":"post","link":"https:\/\/aconteceunovale.com.br\/portal\/?p=51544","title":{"rendered":"Previs\u00e3o do tempo para Minas Gerais nesta segunda-feira, 2 de fevereiro"},"content":{"rendered":"<h4><em><strong>Tempo inst\u00e1vel sobre parte do Sudeste<\/strong><\/em><\/h4>\n<p>Nesta segunda-feira, a frente fria perde for\u00e7a no continente, no entanto, a partir da tarde, ocorrem pancadas de chuva sobre parte do Sudeste do Brasil. <\/p>\n<p>Em Minas Gerais, o dia ser\u00e1 de sol entre nuvens, e no decorrer da tarde ocorrem pancadas de chuva no Tri\u00e2ngulo, Sul, Campo das Vertentes e Zona da Mata. <\/p>\n<p>Nas mesorregi\u00f5es do Rio Doce e Central, o tempo fica parcialmente nublado, com possibilidade de pancadas de chuva a partir da tarde. <\/p>\n<p>Na Regi\u00e3o Metropolitana e em Belo Horizonte, o dia ser\u00e1 de c\u00e9u parcialmente nublado e h\u00e1 previs\u00e3o de pancadas de chuva a partir da tarde. Na capital, as temperaturas oscilam entre 20 e 32\u00b0C.<\/p>\n","protected":false},"excerpt":{"rendered":"<p>Tempo inst\u00e1vel sobre parte do Sudeste Nesta segunda-feira, a frente fria perde for\u00e7a no continente, no entanto, a partir da tarde, ocorrem pancadas de chuva sobre parte do Sudeste do Brasil. Em Minas Gerais, o dia ser\u00e1 de sol entre nuvens, e no decorrer da tarde ocorrem pancadas de chuva no Tri\u00e2ngulo, Sul, Campo das [&hellip;]<\/p>\n","protected":false},"author":1,"featured_media":15765,"comment_status":"open","ping_status":"closed","sticky":false,"template":"","format":"standard","meta":{"amp_status":"","footnotes":""},"categories":[123],"tags":[1956,1839,28170,32076],"class_list":["post-51544","post","type-post","status-publish","format-standard","has-post-thumbnail","hentry","category-gerais","tag-previsao-do-tempo","tag-previsao-do-tempo-para-minas-gerais","tag-previsao-do-tempo-para-minas-gerais-nesta-segunda-feira","tag-previsao-do-tempo-para-minas-gerais-nesta-segunda-feira-2-de-fevereiro"],"_links":{"self":[{"href":"https:\/\/aconteceunovale.com.br\/portal\/index.php?rest_route=\/wp\/v2\/posts\/51544","targetHints":{"allow":["GET"]}}],"collection":[{"href":"https:\/\/aconteceunovale.com.br\/portal\/index.php?rest_route=\/wp\/v2\/posts"}],"about":[{"href":"https:\/\/aconteceunovale.com.br\/portal\/index.php?rest_route=\/wp\/v2\/types\/post"}],"author":[{"embeddable":true,"href":"https:\/\/aconteceunovale.com.br\/portal\/index.php?rest_route=\/wp\/v2\/users\/1"}],"replies":[{"embeddable":true,"href":"https:\/\/aconteceunovale.com.br\/portal\/index.php?rest_route=%2Fwp%2Fv2%2Fcomments&post=51544"}],"version-history":[{"count":0,"href":"https:\/\/aconteceunovale.com.br\/portal\/index.php?rest_route=\/wp\/v2\/posts\/51544\/revisions"}],"wp:featuredmedia":[{"embeddable":true,"href":"https:\/\/aconteceunovale.com.br\/portal\/index.php?rest_route=\/wp\/v2\/media\/15765"}],"wp:attachment":[{"href":"https:\/\/aconteceunovale.com.br\/portal\/index.php?rest_route=%2Fwp%2Fv2%2Fmedia&parent=51544"}],"wp:term":[{"taxonomy":"category","embeddable":true,"href":"https:\/\/aconteceunovale.com.br\/portal\/index.php?rest_route=%2Fwp%2Fv2%2Fcategories&post=51544"},{"taxonomy":"post_tag","embeddable":true,"href":"https:\/\/aconteceunovale.com.br\/portal\/index.php?rest_route=%2Fwp%2Fv2%2Ftags&post=51544"}],"curies":[{"name":"wp","href":"https:\/\/api.w.org\/{rel}","templated":true}]}}