{"id":51540,"date":"2015-02-01T22:35:40","date_gmt":"2015-02-02T01:35:40","guid":{"rendered":"http:\/\/aconteceunovale.com.br\/portal\/?p=51540"},"modified":"2015-02-01T22:36:39","modified_gmt":"2015-02-02T01:36:39","slug":"parlamentares-elegem-nova-mesa-diretora-da-almg-para-o-bienio-20152017","status":"publish","type":"post","link":"https:\/\/aconteceunovale.com.br\/portal\/?p=51540","title":{"rendered":"Parlamentares elegem nova mesa diretora da ALMG para o bi\u00eanio 2015\/2017"},"content":{"rendered":"<h4><strong><em>Chapa \u00fanica encabe\u00e7ada pelo deputado Adalclever Lopes foi eleita por unanimidade.<\/em><\/strong><\/h4>\n<p>Por unanimidade, os deputados da 18\u00aa Legislatura da Assembleia Legislativa de Minas Gerais (ALMG) elegeram, neste domingo (1\u00ba\/2\/15), no Plen\u00e1rio, a Mesa para o bi\u00eanio 2015-2017. O novo presidente da Casa \u00e9 o deputado Adalclever Lopes (PMDB). Pela primeira vez na hist\u00f3ria, a Mesa da ALMG foi eleita pelo voto aberto, registrado no painel eletr\u00f4nico. Todos os deputados votaram sim para os sete cargos, excetuando-se os deputados que presidiram a reuni\u00e3o &#8211; Hely Tarq\u00fc\u00ednio (PV) e Bonif\u00e1cio Mour\u00e3o (PSDB), os mais velhos entre os parlamentares.<\/p>\n<p>Fruto de consenso dos deputados, foi apresentada chapa \u00fanica. Assim, al\u00e9m do presidente Adalclever Lopes, foram confirmados os demais integrantes da Mesa. Como 1\u00ba-vice-presidente, o escolhido foi Hely Tarq\u00fc\u00ednio (PV); o 2\u00ba-vice-presidente, Lafayette de Andrada (PSDB); e o 3\u00ba-vice-presidente, Braulio Braz (PTB). O deputado Ulysses Gomes (PT) \u00e9 o 1\u00ba-secret\u00e1rio; Alencar da Silveira Jr. (PDT) e Doutor Wilson Batista (PSD) foram eleitos, respectivamente, 2\u00ba e 3\u00ba-secret\u00e1rios.<\/p>\n<p><img decoding=\"async\" src=\"http:\/\/aconteceunovale.com.br\/portal\/wp-content\/uploads\/2015\/02\/nova_mesa_diretora_almg.jpg\" alt=\"\" \/><em>Elei\u00e7\u00e3o da Mesa diretora da Assembleia Legislativa de Minas Gerais (ALMG) para o 1\u00ba bi\u00eanio 2015\/2017 da 18\u00aa Legislatura &#8211; Foto: Guilherme Dardanhan \/ ALMG<\/em><br \/>\n<\/br><\/p>\n<h4>Presidente destaca evolu\u00e7\u00e3o da democracia<\/h4>\n<p>Depois de empossar a nova Mesa, o presidente Adalclever Lopes fez uma breve compara\u00e7\u00e3o entre a primeira Assembleia instalada em Minas, em 1835 (a Assembleia Provincial), e a atual. Ele refor\u00e7ou a import\u00e2ncia da evolu\u00e7\u00e3o da democracia e da participa\u00e7\u00e3o popular nos rumos pol\u00edticos do Estado.<\/p>\n<p>Naquela ocasi\u00e3o, o Legislativo estadual foi eleito apenas por 0,15% da popula\u00e7\u00e3o mineira, em fun\u00e7\u00e3o do voto censit\u00e1rio. Apenas homens com altos rendimentos podiam escolher os representantes da Assembleia. \u201cOs deputados que acabaram de tomar posse hoje est\u00e3o aqui por livre escolha de toda a popula\u00e7\u00e3o mineira maior de 16 anos\u201d, comparou.<\/p>\n<p>Ele tamb\u00e9m exaltou a primeira elei\u00e7\u00e3o aberta da Mesa, outro ponto que, em sua opini\u00e3o, marca a evolu\u00e7\u00e3o da democracia. Afirmou, ainda, que a Assembleia de Minas tem se consolodiado como principal foro de discuss\u00e3o das quest\u00f5es de Minas e uma das mais atuantes em todo o Pa\u00eds.<\/p>\n<p>Adalclever Lopes reafirmou o compromisso de valorizar as prerrogativas do Poder Legislativo e com a defesa dos interesses do povo mineiro. Por fim, convocou os cidad\u00e3os para o acompanhamento permanente dos trabalhos da Casa. \u201cEsse \u00e9 um pr\u00e9-requisito de cidadania fundamental de aperfei\u00e7oamento de nossa democracia\u201d, finalizou.<\/p>\n<p><strong>Ambiente descontra\u00eddo<\/strong> \u2013 A elei\u00e7\u00e3o da Mesa foi realizada num ambiente de muita descontra\u00e7\u00e3o entre os deputados. Ao final, v\u00e1rios fizeram declara\u00e7\u00f5es de voto para desejar sucesso aos escolhidos e reafirmar o apoio na composi\u00e7\u00e3o da chapa.<\/p>\n<h4>Veja o perfil dos integrantes da nova Mesa<\/h4>\n<p><strong>Presidente &#8211; Adalclever Lopes (PMDB)<\/strong><br \/>\nInicia seu quarto mandato consecutivo na ALMG. Em legislaturas anteriores, foi presidente das Comiss\u00f5es de Transporte e Obras P\u00fablicas, de Defesa do Consumidor e do Contribuinte e de Educa\u00e7\u00e3o. \u00c9 empres\u00e1rio. Suas principais regi\u00f5es de atua\u00e7\u00e3o pol\u00edtica s\u00e3o: Rio Doce, Jequitinhonha\/Mucuri, Central e Zona da Mata. Nasceu em Belo Horizonte em 24\/11\/1966.<\/p>\n<p><strong>1\u00ba-vice-presidente \u2013 Hely Tarq\u00fc\u00ednio (PV)<\/strong><br \/>\nInicia seu sexto mandato na ALMG. Anteriormente, foi 2\u00b0-vice-presidente e 2\u00ba-secret\u00e1rio da ALMG, al\u00e9m de presidente da Comiss\u00e3o de Constitui\u00e7\u00e3o e Justi\u00e7a. \u00c9 m\u00e9dico-cirurgi\u00e3o. Exerceu o cargo de secret\u00e1rio adjunto de Estado de Sa\u00fade. Suas principais regi\u00f5es de atua\u00e7\u00e3o pol\u00edtica s\u00e3o: Alto Parana\u00edba e Noroeste. Nasceu em Uberaba em 10\/4\/1940.<\/p>\n<p><strong>2\u00ba-vice-presidente \u2013 Lafayette de Andrada (PSDB)<\/strong><br \/>\nAssume seu terceiro mandato seguido na ALMG, onde j\u00e1 presidiu a Comiss\u00e3o de Reda\u00e7\u00e3o. \u00c9 formado em Direito e professor da \u00e1rea. Foi vereador em Lavras e Juiz de Fora e secret\u00e1rio de Estado de Defesa Social. Suas principais regi\u00f5es de atua\u00e7\u00e3o pol\u00edtica s\u00e3o: Zona da Mata e Central. Nasceu em Belo Horizonte em 17\/10\/1966.<\/p>\n<p><strong>3\u00ba-vice-presidente \u2013 Braulio Braz (PTB)<\/strong><br \/>\nEleito para o terceiro mandato consecutivo, j\u00e1 foi presidente da Comiss\u00e3o de Reda\u00e7\u00e3o. Na 17\u00aa Legislatura, esteve afastado das atividades parlamentares para exercer o cargo de secret\u00e1rio de Estado de Esportes e Juventude. \u00c9 administrador de empresas. Sua principal regi\u00e3o de atua\u00e7\u00e3o pol\u00edtica \u00e9 a Zona da Mata. Nasceu em Muria\u00e9 em 21\/9\/1948.<\/p>\n<p><strong>1\u00ba-secret\u00e1rio \u2013 Ulysses Gomes (PT)<\/strong><br \/>\nDeputado estadual pelo segundo mandato consecutivo, foi vice-presidente da Comiss\u00e3o de Esporte, Lazer e Juventude durante a 17\u00aa Legislatura. Foi vereador em Itajub\u00e1 entre 2002 e 2004. \u00c9 graduado em Administra\u00e7\u00e3o P\u00fablica. Sua principal regi\u00e3o de atua\u00e7\u00e3o pol\u00edtica \u00e9 o Sul de Minas. Nasceu em Itajub\u00e1 em 27\/6\/1977.<\/p>\n<p><strong>2\u00ba-secret\u00e1rio \u2013 Alencar da Silveira Jr. (PDT)<\/strong><br \/>\nDeputado pela sexta vez consecutiva, na 17\u00aa Legislatura foi 2\u00ba-secret\u00e1rio e 3\u00ba-secret\u00e1rio da ALMG. Em legislaturas anteriores, foi tamb\u00e9m 2\u00b0-secret\u00e1rio e presidiu as Comiss\u00f5es de Turismo e do Trabalho. \u00c9 radialista. Integra o Conselho de Administra\u00e7\u00e3o do Am\u00e9rica Futebol Clube. Sua principal regi\u00e3o de atua\u00e7\u00e3o pol\u00edtica \u00e9 a Central. Nasceu em Sete Lagoas em 12\/1\/1962.<\/p>\n<p><strong>3\u00ba-secret\u00e1rio \u2013 Doutor Wilson Batista (PSD)<\/strong><br \/>\nInicia seu segundo mandato consecutivo na ALMG. Na 17\u00aa Legislatura, foi presidente das Comiss\u00f5es de Reda\u00e7\u00e3o e de Defesa dos Direitos da Pessoa com Defici\u00eancia. \u00c9 m\u00e9dico-cirurgi\u00e3o da Funda\u00e7\u00e3o Cristiano Varella e doutor em Medicina Interna e Terap\u00eautica pela Universidade Federal de S\u00e3o Paulo (Unifesp). Sua principal regi\u00e3o de atua\u00e7\u00e3o pol\u00edtica \u00e9 a Zona da Mata. Nasceu em S\u00e3o Jo\u00e3o del-Rei em 21\/5\/1969.<\/p>\n<p><em>(Fonte: Assembleia Legislativa de Minas Gerais &#8211; ALMG)<\/em><\/p>\n","protected":false},"excerpt":{"rendered":"<p>Chapa \u00fanica encabe\u00e7ada pelo deputado Adalclever Lopes foi eleita por unanimidade. Por unanimidade, os deputados da 18\u00aa Legislatura da Assembleia Legislativa de Minas Gerais (ALMG) elegeram, neste domingo (1\u00ba\/2\/15), no Plen\u00e1rio, a Mesa para o bi\u00eanio 2015-2017. O novo presidente da Casa \u00e9 o deputado Adalclever Lopes (PMDB). Pela primeira vez na hist\u00f3ria, a Mesa [&hellip;]<\/p>\n","protected":false},"author":1,"featured_media":51541,"comment_status":"open","ping_status":"closed","sticky":false,"template":"","format":"standard","meta":{"amp_status":"","footnotes":""},"categories":[123],"tags":[32067,31925,32070,752,24358,32072,17371,32071,32075,32074,32073,31923,32068,32065,32064,32063,32069,32066],"class_list":["post-51540","post","type-post","status-publish","format-standard","has-post-thumbnail","hentry","category-gerais","tag-18a-legislatura-da-assembleia-legislativa-de-minas-gerais","tag-adalclever-lopes","tag-alencar-da-silveira-jr","tag-almg","tag-assembleia-legislativa-de-minas-gerais","tag-bonifacio-mourao","tag-braulio-braz","tag-doutor-wilson-batista","tag-eleicao-da-mesa-diretora-da-almg","tag-eleicao-da-mesa-diretora-da-assembleia-legislativa-de-minas-gerais","tag-eleicao-da-mesa-diretora-da-assembleia-legislativa-de-minas-gerais-para-o-1o-bienio-da-18a-legislatura","tag-hely-tarquinio","tag-lafayette-de-andrada","tag-nova-mesa-diretora-da-almg","tag-parlamentares-elegem-nova-mesa-diretora-da-almg","tag-parlamentares-elegem-nova-mesa-diretora-da-almg-para-o-bienio-20152017","tag-ulysses-gomes","tag-veja-o-perfil-dos-integrantes-da-nova-mesa"],"_links":{"self":[{"href":"https:\/\/aconteceunovale.com.br\/portal\/index.php?rest_route=\/wp\/v2\/posts\/51540","targetHints":{"allow":["GET"]}}],"collection":[{"href":"https:\/\/aconteceunovale.com.br\/portal\/index.php?rest_route=\/wp\/v2\/posts"}],"about":[{"href":"https:\/\/aconteceunovale.com.br\/portal\/index.php?rest_route=\/wp\/v2\/types\/post"}],"author":[{"embeddable":true,"href":"https:\/\/aconteceunovale.com.br\/portal\/index.php?rest_route=\/wp\/v2\/users\/1"}],"replies":[{"embeddable":true,"href":"https:\/\/aconteceunovale.com.br\/portal\/index.php?rest_route=%2Fwp%2Fv2%2Fcomments&post=51540"}],"version-history":[{"count":0,"href":"https:\/\/aconteceunovale.com.br\/portal\/index.php?rest_route=\/wp\/v2\/posts\/51540\/revisions"}],"wp:featuredmedia":[{"embeddable":true,"href":"https:\/\/aconteceunovale.com.br\/portal\/index.php?rest_route=\/wp\/v2\/media\/51541"}],"wp:attachment":[{"href":"https:\/\/aconteceunovale.com.br\/portal\/index.php?rest_route=%2Fwp%2Fv2%2Fmedia&parent=51540"}],"wp:term":[{"taxonomy":"category","embeddable":true,"href":"https:\/\/aconteceunovale.com.br\/portal\/index.php?rest_route=%2Fwp%2Fv2%2Fcategories&post=51540"},{"taxonomy":"post_tag","embeddable":true,"href":"https:\/\/aconteceunovale.com.br\/portal\/index.php?rest_route=%2Fwp%2Fv2%2Ftags&post=51540"}],"curies":[{"name":"wp","href":"https:\/\/api.w.org\/{rel}","templated":true}]}}