{"id":51536,"date":"2015-02-01T22:15:56","date_gmt":"2015-02-02T01:15:56","guid":{"rendered":"http:\/\/aconteceunovale.com.br\/portal\/?p=51536"},"modified":"2015-02-01T22:15:56","modified_gmt":"2015-02-02T01:15:56","slug":"idoso-de-66-anos-e-atropelado-e-condutor-foge-sem-prestar-socorro-em-itamarandiba","status":"publish","type":"post","link":"https:\/\/aconteceunovale.com.br\/portal\/?p=51536","title":{"rendered":"Idoso de 66 anos \u00e9 atropelado e condutor foge sem prestar socorro em Itamarandiba"},"content":{"rendered":"<h4><strong><em>V\u00edtima foi socorrida por uma equipe do Samu. Condutor do ve\u00edculo n\u00e3o foi localizado pela Pol\u00edcia Militar.<\/em><\/strong><\/h4>\n<p>Um idoso de 66 anos ficou ferido ap\u00f3s ser atropelado por um carro no final da manh\u00e3 de s\u00e1bado, 31 de janeiro, em Itamarandiba, no Vale do Jequitinhonha. De acordo com informa\u00e7\u00f5es, o condutor de um Fiat Palio atropelou a v\u00edtima Geraldo Elias de Oliveira na Rua Fazendinha e o arrastou at\u00e9 o ve\u00edculo colidisse na traseira de um caminh\u00e3o que estava estacionado.<\/p>\n<p>Ap\u00f3s o acidente, o condutor e o passageiro evadiram do local e n\u00e3o prestaram socorro a v\u00edtima. A suspeita \u00e9 que os ocupantes do ve\u00edculo estavam alcoolizados, j\u00e1 que dentro do autom\u00f3vel foram encontradas latas de cerveja.<\/p>\n<p>A v\u00edtima foi socorrida por uma equipe do Servi\u00e7o de Atendimento M\u00f3vel de Urg\u00eancia (SAMU) e encaminhada ao hospital da cidade. A Pol\u00edcia Militar realizou buscas com intuito de localizar o condutor do ve\u00edculo, por\u00e9m sem \u00eaxito. O caro foi rebocado para um p\u00e1tio credenciado.<\/p>\n<p><img decoding=\"async\" src=\"http:\/\/aconteceunovale.com.br\/portal\/wp-content\/uploads\/2015\/02\/acidente_itamarandiba_31_1.jpg\" alt=\"\" \/><img decoding=\"async\" src=\"http:\/\/aconteceunovale.com.br\/portal\/wp-content\/uploads\/2015\/02\/acidente_itamarandiba_31_2.jpg\" alt=\"\" \/><strong><em>Fotos e informa\u00e7\u00f5es do site Itamarandiba Hoje.<\/em><\/strong><\/p>\n","protected":false},"excerpt":{"rendered":"<p>V\u00edtima foi socorrida por uma equipe do Samu. Condutor do ve\u00edculo n\u00e3o foi localizado pela Pol\u00edcia Militar. Um idoso de 66 anos ficou ferido ap\u00f3s ser atropelado por um carro no final da manh\u00e3 de s\u00e1bado, 31 de janeiro, em Itamarandiba, no Vale do Jequitinhonha. De acordo com informa\u00e7\u00f5es, o condutor de um Fiat Palio [&hellip;]<\/p>\n","protected":false},"author":1,"featured_media":51537,"comment_status":"open","ping_status":"closed","sticky":false,"template":"","format":"standard","meta":{"amp_status":"","footnotes":""},"categories":[120],"tags":[21287,32062,32061,32060,149],"class_list":["post-51536","post","type-post","status-publish","format-standard","has-post-thumbnail","hentry","category-jequi","tag-acidente-em-itamarandiba","tag-acidente-na-rua-fazendinha-em-itamarandiba","tag-geraldo-elias-de-oliveira","tag-idoso-de-66-anos-e-atropelado-e-condutor-foge-sem-prestar-socorro-em-itamarandiba","tag-itamarandiba"],"_links":{"self":[{"href":"https:\/\/aconteceunovale.com.br\/portal\/index.php?rest_route=\/wp\/v2\/posts\/51536","targetHints":{"allow":["GET"]}}],"collection":[{"href":"https:\/\/aconteceunovale.com.br\/portal\/index.php?rest_route=\/wp\/v2\/posts"}],"about":[{"href":"https:\/\/aconteceunovale.com.br\/portal\/index.php?rest_route=\/wp\/v2\/types\/post"}],"author":[{"embeddable":true,"href":"https:\/\/aconteceunovale.com.br\/portal\/index.php?rest_route=\/wp\/v2\/users\/1"}],"replies":[{"embeddable":true,"href":"https:\/\/aconteceunovale.com.br\/portal\/index.php?rest_route=%2Fwp%2Fv2%2Fcomments&post=51536"}],"version-history":[{"count":0,"href":"https:\/\/aconteceunovale.com.br\/portal\/index.php?rest_route=\/wp\/v2\/posts\/51536\/revisions"}],"wp:featuredmedia":[{"embeddable":true,"href":"https:\/\/aconteceunovale.com.br\/portal\/index.php?rest_route=\/wp\/v2\/media\/51537"}],"wp:attachment":[{"href":"https:\/\/aconteceunovale.com.br\/portal\/index.php?rest_route=%2Fwp%2Fv2%2Fmedia&parent=51536"}],"wp:term":[{"taxonomy":"category","embeddable":true,"href":"https:\/\/aconteceunovale.com.br\/portal\/index.php?rest_route=%2Fwp%2Fv2%2Fcategories&post=51536"},{"taxonomy":"post_tag","embeddable":true,"href":"https:\/\/aconteceunovale.com.br\/portal\/index.php?rest_route=%2Fwp%2Fv2%2Ftags&post=51536"}],"curies":[{"name":"wp","href":"https:\/\/api.w.org\/{rel}","templated":true}]}}