{"id":51516,"date":"2015-02-01T19:39:50","date_gmt":"2015-02-01T22:39:50","guid":{"rendered":"http:\/\/aconteceunovale.com.br\/portal\/?p=51516"},"modified":"2015-02-01T21:42:44","modified_gmt":"2015-02-02T00:42:44","slug":"atletico-estreia-com-vitoria-no-campeonato-mineiro-2015","status":"publish","type":"post","link":"https:\/\/aconteceunovale.com.br\/portal\/?p=51516","title":{"rendered":"Atl\u00e9tico estreia com vit\u00f3ria no Campeonato Mineiro 2015"},"content":{"rendered":"<h4><strong><em>Galo n\u00e3o deu chances ao Tupi e arrancou com os tr\u00eas pontos em casa<\/em><\/strong><\/h4>\n<p>O ritmo da vit\u00f3ria do Atl\u00e9tico sobre o Tupi foi ditado pelos argentinos da equipe. D\u00e1tolo e Lucas Pratto marcaram na vit\u00f3ria por por 2 a 0 no Independ\u00eancia. O jogo foi a estreia oficial do time no Campeonato Mineiro e na temporada. Embora tenha crescido de produ\u00e7\u00e3o durante a partida, o Carij\u00f3 de Juiz de Fora n\u00e3o teve for\u00e7as para tirar os tr\u00eas pontos do Galo. <\/p>\n<p>Em cobran\u00e7a de falta, D\u00e1tolo acertou o \u00e2ngulo de Glaysson, sem chances para o goleiro. A tarde argentina foi completada com Lucas Pratto. O centroavante recebeu assist\u00eancia de Luan e balan\u00e7ou as redes. Ele fez seu segundo gol com a camisa alvinegra. O primeiro havia sido no amistoso diante do Shakhtar Donetsk. <\/p>\n<p>A vit\u00f3ria do Atl\u00e9tico serviu para o t\u00e9cnico Levir Culpi observar os jogadores para a estreia da Copa Libertadores. A mesma equipe que venceu o Tupi deve estrear diante do Colo Colo, em Santiago, no dia 18 de fevereiro. Na pr\u00f3xima rodada do Estadual, o Atl\u00e9tico encara o Mamor\u00e9, em Patos de Minas. J\u00e1 o Tupi recebe o Tombense em Juiz de Fora.<\/p>\n<p><img decoding=\"async\" src=\"http:\/\/aconteceunovale.com.br\/portal\/wp-content\/uploads\/2015\/02\/atletico_2x1_tupi.jpg\" alt=\"\" \/><em>Pratto e D\u00e1tolo foram os autores dos gols do Atl\u00e9tico &#8211; Foto: Rodrigo Clemente\/Super Esportes<\/em><br \/>\n<\/br><\/p>\n<h4>Primeiro tempo<\/h4>\n<p>Na estreia oficial da temporada 2015, o Atl\u00e9tico mostrou a sua for\u00e7a em casa desde os primeiros minutos. Em cobran\u00e7a de falta, o argentino D\u00e1tolo colocou no \u00e2ngulo de Glaysson: 1 a 0 sobre o Tupi. Antes de abrir o placar, o Alvinegro j\u00e1 pressionava a defesa do advers\u00e1rio. <\/p>\n<p>O segundo tento do Galo esteve pr\u00f3ximo de sair na jogada seguinte. Carlos recebeu grande passe de Luan, mas finalizou no meio do gol. D\u00e1tolo e Pratto, livres, esperavam o passe do companheiro. <\/p>\n<p>Por\u00e9m, minutos depois, Lucas Pratto mostrou que era tarde argentina no Horto. Ap\u00f3s assist\u00eancia de Luan, o camisa 9 marcou o segundo do Atl\u00e9tico: 2 a 0. De primeira, Pratto quase marcou o terceiro depois. <\/p>\n<p>Depois de aceitar a press\u00e3o do Galo, Tupi levou perigo em cobran\u00e7a de escanteio. Aos 30, Ma\u00edlson cabeceou por cima do gol de Victor. Em outras duas chances do primeiro tempo, com No\u00e9 e Daniel Morais, o Carij\u00f3 amea\u00e7ou a meta do Atl\u00e9tico. <\/p>\n<h4>Segundo tempo<\/h4>\n<p>O Tupi come\u00e7ou o segundo tempo com a marca\u00e7\u00e3o adiantada e mais presente no campo do Atl\u00e9tico. A resposta do Galo veio com D\u00e1tolo, que obrigou Glaysson a defender finaliza\u00e7\u00e3o no canto. <\/p>\n<p>O desgaste pelo forte calor no primeiro tempo fez com que o ritmo da partida ficasse mais lento na etapa final. Erros de passe tamb\u00e9m prejudicaram o setor criativo das duas equipes. <\/p>\n<p>A grande chance do Tupi descontar foi em cabe\u00e7ada de Danilo, que obrigou Victor a fazer grande defesa. A torcida do Atl\u00e9tico acordou ap\u00f3s belo voleio de Carlos, mas Glaysson mostrou elasticidade para salvar o Carij\u00f3. <\/p>\n<p>Os contra-ataques do Atl\u00e9tico come\u00e7aram a causar problemas para o Tupi. Em roubada de bola, Donizete come\u00e7ou a jogada, tocou para Luan, recebeu o passe do na \u00e1rea e quase marcou o terceiro. <\/p>\n<h4>Atl\u00e9tico 2 x 0 Tupi<\/h4>\n<p><strong>Atl\u00e9tico:<\/strong> Victor; Marcos Rocha, Leonardo Silva, Jemerson e Douglas Santos (Pedro Botelho); Leandro Donizete, Rafael Carioca, D\u00e1tolo (Dod\u00f4) e Luan; Carlos (Maicosuel) e Lucas Pratto. <strong>T\u00e9cnico:<\/strong> Levir Culpi<\/p>\n<p><strong>Tupi:<\/strong> Glaysson; Paulo Roberto, S\u00edlvio, Ma\u00edlson e Fabr\u00edcio Soares; Genalvo, No\u00e9, Ulisses, Marco Goiano, Danilo (Rafael Assis); Daniel Morais (Adem\u00edlson). <strong>T\u00e9cnico:<\/strong> Felipe Surian <\/p>\n<p><strong>Gols:<\/strong> D\u00e1tolo, aos sete minutos; Lucas Pratto, aos 17 minutos;<\/p>\n<p><strong>Est\u00e1dio:<\/strong> Independ\u00eancia, \u00e0s 17h<br \/>\n<strong>Data:<\/strong> 01\/02\/2015<br \/>\n<strong>\u00c1rbitro:<\/strong> Marco Aur\u00e9lio A. Fazekas Ferreira (FMF)<br \/>\n<strong>Assistentes:<\/strong> Guilherme Dias Camilo (FIFA\/MG) e M\u00e1rcio Eust\u00e1quio Santiago (CBF\/FMF)<br \/>\n<strong>Amarelos:<\/strong> D\u00e1tolo (Atl\u00e9tico); Genalvo, Marco Goiano (Tupi)<br \/>\n<strong>Pagantes:<\/strong> 12.402<br \/>\n<strong>Renda:<\/strong> R$ 324.977,50<\/p>\n<h4>Resultados da rodada<\/h4>\n<p>&#8211; Atl\u00e9tico 2 x 0 Tupi<br \/>\n&#8211; URT 2 x 1 Boa Esporte<br \/>\n&#8211; Caldense 6 x 1 Mamor\u00e9<br \/>\n&#8211; Tombense 0 x 1 Vila Nova<br \/>\n&#8211; Guarani 0 x 0 Am\u00e9rica<br \/>\n&#8211; Democrata GV 1 x 2 Cruzeiro<\/p>\n<p><strong><em>(Fonte: Super Esportes)<\/em><\/strong><\/p>\n","protected":false},"excerpt":{"rendered":"<p>Galo n\u00e3o deu chances ao Tupi e arrancou com os tr\u00eas pontos em casa O ritmo da vit\u00f3ria do Atl\u00e9tico sobre o Tupi foi ditado pelos argentinos da equipe. D\u00e1tolo e Lucas Pratto marcaram na vit\u00f3ria por por 2 a 0 no Independ\u00eancia. O jogo foi a estreia oficial do time no Campeonato Mineiro e [&hellip;]<\/p>\n","protected":false},"author":1,"featured_media":51517,"comment_status":"open","ping_status":"closed","sticky":false,"template":"","format":"standard","meta":{"amp_status":"","footnotes":""},"categories":[59],"tags":[12311,32024,32015,2741,32026,4404,32016,32020,22723,32018,32029,1018,12312,32028,22725,206,32019,32023,32022,2643,32027,32017,32021,32025],"class_list":["post-51516","post","type-post","status-publish","format-standard","has-post-thumbnail","hentry","category-sports","tag-atletico","tag-atletico-2-x-0-tupi","tag-atletico-estreia-com-vitoria-no-campeonato-mineiro-2015","tag-atletico-mineiro","tag-caldense-6-x-1-mamore","tag-campeonato-mineiro","tag-campeonato-mineiro-2015","tag-carijo-de-juiz-de-fora","tag-datolo","tag-datolo-e-lucas-pratto-garantem-vitoria-do-galo-na-estreia-do-mineiro","tag-democrata-gv-x-cruzeiro","tag-destaque","tag-galo","tag-guarani-0-x-0-america","tag-independencia","tag-juiz-de-fora","tag-lucas-pratto","tag-resultados-da-primeira-rodada-do-campeonato-mineiro","tag-resultados-do-campeonato-mineiro","tag-shakhtar-donetsk","tag-tombense-0-x-1-vila-nova","tag-tupi","tag-tupi-de-juiz-de-fora","tag-urt-2-x-1-boa-esporte"],"_links":{"self":[{"href":"https:\/\/aconteceunovale.com.br\/portal\/index.php?rest_route=\/wp\/v2\/posts\/51516","targetHints":{"allow":["GET"]}}],"collection":[{"href":"https:\/\/aconteceunovale.com.br\/portal\/index.php?rest_route=\/wp\/v2\/posts"}],"about":[{"href":"https:\/\/aconteceunovale.com.br\/portal\/index.php?rest_route=\/wp\/v2\/types\/post"}],"author":[{"embeddable":true,"href":"https:\/\/aconteceunovale.com.br\/portal\/index.php?rest_route=\/wp\/v2\/users\/1"}],"replies":[{"embeddable":true,"href":"https:\/\/aconteceunovale.com.br\/portal\/index.php?rest_route=%2Fwp%2Fv2%2Fcomments&post=51516"}],"version-history":[{"count":0,"href":"https:\/\/aconteceunovale.com.br\/portal\/index.php?rest_route=\/wp\/v2\/posts\/51516\/revisions"}],"wp:featuredmedia":[{"embeddable":true,"href":"https:\/\/aconteceunovale.com.br\/portal\/index.php?rest_route=\/wp\/v2\/media\/51517"}],"wp:attachment":[{"href":"https:\/\/aconteceunovale.com.br\/portal\/index.php?rest_route=%2Fwp%2Fv2%2Fmedia&parent=51516"}],"wp:term":[{"taxonomy":"category","embeddable":true,"href":"https:\/\/aconteceunovale.com.br\/portal\/index.php?rest_route=%2Fwp%2Fv2%2Fcategories&post=51516"},{"taxonomy":"post_tag","embeddable":true,"href":"https:\/\/aconteceunovale.com.br\/portal\/index.php?rest_route=%2Fwp%2Fv2%2Ftags&post=51516"}],"curies":[{"name":"wp","href":"https:\/\/api.w.org\/{rel}","templated":true}]}}