{"id":51514,"date":"2015-02-01T19:19:31","date_gmt":"2015-02-01T22:19:31","guid":{"rendered":"http:\/\/aconteceunovale.com.br\/portal\/?p=51514"},"modified":"2015-02-01T19:19:31","modified_gmt":"2015-02-01T22:19:31","slug":"jovem-de-18-anos-e-suspeito-de-esfaquear-e-matar-padrasto-em-ipatinga","status":"publish","type":"post","link":"https:\/\/aconteceunovale.com.br\/portal\/?p=51514","title":{"rendered":"Jovem de 18 anos \u00e9 suspeito de esfaquear e matar padrasto em Ipatinga"},"content":{"rendered":"<h4><strong><em>Familiares da v\u00edtima informaram \u00e0 Pol\u00edcia Militar que ele e o enteado se desentenderam antes do crime. Rapaz n\u00e3o foi localizado.<\/em><\/strong><\/h4>\n<p>Um jovem de 18 anos \u00e9 o principal suspeito de esfaquear e matar o padrasto, de 56 anos, durante a madrugada deste domingo, 1\u00ba de fevereiro, em Ipatinga, no Vale do A\u00e7o.<\/p>\n<p>A Pol\u00edcia Militar (PM) encontrou Marcos Rodrigues de Oliveira ca\u00eddo na sala de casa, na rua Tiet\u00ea, no bairro Parque das \u00c1guas. Uma equipe do Servi\u00e7o de Atendimento M\u00f3vel de Urg\u00eancia (Samu) esteve no local e constatou o \u00f3bito. De acordo com a per\u00edcia, o corpo estava com in\u00fameros cortes e perfura\u00e7\u00f5es.<\/p>\n<p>Familiares da v\u00edtima informaram \u00e0 PM que ele e o enteado, um jovem de 18 anos, teriam se desentendido, mas n\u00e3o informaram o motivo da briga. O rapaz n\u00e3o foi localizado. (O Tempo)<\/p>\n","protected":false},"excerpt":{"rendered":"<p>Familiares da v\u00edtima informaram \u00e0 Pol\u00edcia Militar que ele e o enteado se desentenderam antes do crime. Rapaz n\u00e3o foi localizado. Um jovem de 18 anos \u00e9 o principal suspeito de esfaquear e matar o padrasto, de 56 anos, durante a madrugada deste domingo, 1\u00ba de fevereiro, em Ipatinga, no Vale do A\u00e7o. A Pol\u00edcia [&hellip;]<\/p>\n","protected":false},"author":1,"featured_media":42404,"comment_status":"open","ping_status":"closed","sticky":false,"template":"","format":"standard","meta":{"amp_status":"","footnotes":""},"categories":[121],"tags":[32014,201,32012,32013],"class_list":["post-51514","post","type-post","status-publish","format-standard","has-post-thumbnail","hentry","category-leste","tag-gabriel-christian-teodoro-dias","tag-ipatinga","tag-jovem-de-18-anos-e-suspeito-de-esfaquear-e-matar-padrasto-em-ipatinga","tag-marcos-rodrigues-de-oliveira"],"_links":{"self":[{"href":"https:\/\/aconteceunovale.com.br\/portal\/index.php?rest_route=\/wp\/v2\/posts\/51514","targetHints":{"allow":["GET"]}}],"collection":[{"href":"https:\/\/aconteceunovale.com.br\/portal\/index.php?rest_route=\/wp\/v2\/posts"}],"about":[{"href":"https:\/\/aconteceunovale.com.br\/portal\/index.php?rest_route=\/wp\/v2\/types\/post"}],"author":[{"embeddable":true,"href":"https:\/\/aconteceunovale.com.br\/portal\/index.php?rest_route=\/wp\/v2\/users\/1"}],"replies":[{"embeddable":true,"href":"https:\/\/aconteceunovale.com.br\/portal\/index.php?rest_route=%2Fwp%2Fv2%2Fcomments&post=51514"}],"version-history":[{"count":0,"href":"https:\/\/aconteceunovale.com.br\/portal\/index.php?rest_route=\/wp\/v2\/posts\/51514\/revisions"}],"wp:featuredmedia":[{"embeddable":true,"href":"https:\/\/aconteceunovale.com.br\/portal\/index.php?rest_route=\/wp\/v2\/media\/42404"}],"wp:attachment":[{"href":"https:\/\/aconteceunovale.com.br\/portal\/index.php?rest_route=%2Fwp%2Fv2%2Fmedia&parent=51514"}],"wp:term":[{"taxonomy":"category","embeddable":true,"href":"https:\/\/aconteceunovale.com.br\/portal\/index.php?rest_route=%2Fwp%2Fv2%2Fcategories&post=51514"},{"taxonomy":"post_tag","embeddable":true,"href":"https:\/\/aconteceunovale.com.br\/portal\/index.php?rest_route=%2Fwp%2Fv2%2Ftags&post=51514"}],"curies":[{"name":"wp","href":"https:\/\/api.w.org\/{rel}","templated":true}]}}