{"id":51508,"date":"2015-02-01T18:59:33","date_gmt":"2015-02-01T21:59:33","guid":{"rendered":"http:\/\/aconteceunovale.com.br\/portal\/?p=51508"},"modified":"2015-02-01T18:59:33","modified_gmt":"2015-02-01T21:59:33","slug":"acidente-com-helicoptero-deixa-duas-pessoas-feridas-em-minas-gerais","status":"publish","type":"post","link":"https:\/\/aconteceunovale.com.br\/portal\/?p=51508","title":{"rendered":"Acidente com helic\u00f3ptero deixa duas pessoas feridas em Minas Gerais"},"content":{"rendered":"<h4><strong><em>Aeronave se chocou contra o ch\u00e3o ap\u00f3s problemas nas manobras de pouso.<\/em><\/strong><\/h4>\n<p>Um instrutor de voo e um aluno ficaram feridos depois de problemas no pouso de um helic\u00f3ptero na tarde deste domingo em Nova Lima, na Regi\u00e3o Metropolitana de Belo Horizonte. Segundo informa\u00e7\u00f5es divulgadas pelo Corpo de Bombeiros, quando se aproximava do solo, o piloto perdeu o controle da aeronave, que se chocou contra o ch\u00e3o. As v\u00edtimas foram localizadas conscientes, mas com escoria\u00e7\u00f5es pelo corpo. <\/p>\n<p>De acordo com a corpora\u00e7\u00e3o, o acidente ocorreu na \u00e1rea de um helicentro no distrito de S\u00e3o Sebasti\u00e3o das \u00c1guas Claras por volta de 14h30. Ainda n\u00e3o h\u00e1 informa\u00e7\u00f5es de quem pilotava o helic\u00f3ptero. O professor foi retirado da aeronave com facilidade, mas o aluno ficou preso \u00e0s ferragens, estava desorientado e com suspeita de fratura em uma das pernas. <\/p>\n<p>Diego Ramos de Oliveira e Eduardo Cansado Dias foram encaminhados para o pronto-socorro do Hospital Jo\u00e3o XXIII, em Belo Horizonte.<\/p>\n<p><img decoding=\"async\" src=\"http:\/\/aconteceunovale.com.br\/portal\/wp-content\/uploads\/2015\/02\/acidente_helicoptero_mg.jpg\" alt=\"\" \/><em>Aluno e instrutor ficaram feridos no acidente &#8211; Foto: Corpo de Bombeiros \/ Divulga\u00e7\u00e3o<\/em><br \/>\n<\/br><\/p>\n<p><strong><em>(Estado de Minas)<\/em><\/strong><\/p>\n","protected":false},"excerpt":{"rendered":"<p>Aeronave se chocou contra o ch\u00e3o ap\u00f3s problemas nas manobras de pouso. Um instrutor de voo e um aluno ficaram feridos depois de problemas no pouso de um helic\u00f3ptero na tarde deste domingo em Nova Lima, na Regi\u00e3o Metropolitana de Belo Horizonte. Segundo informa\u00e7\u00f5es divulgadas pelo Corpo de Bombeiros, quando se aproximava do solo, o [&hellip;]<\/p>\n","protected":false},"author":1,"featured_media":51509,"comment_status":"open","ping_status":"closed","sticky":false,"template":"","format":"standard","meta":{"amp_status":"","footnotes":""},"categories":[123],"tags":[32002,32003,32005,32006,1496,32004],"class_list":["post-51508","post","type-post","status-publish","format-standard","has-post-thumbnail","hentry","category-gerais","tag-acidente-com-helicoptero-deixa-duas-pessoas-feridas-em-minas-gerais","tag-acidente-com-helicoptero-deixa-duas-pessoas-feridas-em-nova-lima","tag-diego-ramos-de-oliveira","tag-eduardo-cansado-dias","tag-nova-lima","tag-sao-sebastiao-das-aguas-claras"],"_links":{"self":[{"href":"https:\/\/aconteceunovale.com.br\/portal\/index.php?rest_route=\/wp\/v2\/posts\/51508","targetHints":{"allow":["GET"]}}],"collection":[{"href":"https:\/\/aconteceunovale.com.br\/portal\/index.php?rest_route=\/wp\/v2\/posts"}],"about":[{"href":"https:\/\/aconteceunovale.com.br\/portal\/index.php?rest_route=\/wp\/v2\/types\/post"}],"author":[{"embeddable":true,"href":"https:\/\/aconteceunovale.com.br\/portal\/index.php?rest_route=\/wp\/v2\/users\/1"}],"replies":[{"embeddable":true,"href":"https:\/\/aconteceunovale.com.br\/portal\/index.php?rest_route=%2Fwp%2Fv2%2Fcomments&post=51508"}],"version-history":[{"count":0,"href":"https:\/\/aconteceunovale.com.br\/portal\/index.php?rest_route=\/wp\/v2\/posts\/51508\/revisions"}],"wp:featuredmedia":[{"embeddable":true,"href":"https:\/\/aconteceunovale.com.br\/portal\/index.php?rest_route=\/wp\/v2\/media\/51509"}],"wp:attachment":[{"href":"https:\/\/aconteceunovale.com.br\/portal\/index.php?rest_route=%2Fwp%2Fv2%2Fmedia&parent=51508"}],"wp:term":[{"taxonomy":"category","embeddable":true,"href":"https:\/\/aconteceunovale.com.br\/portal\/index.php?rest_route=%2Fwp%2Fv2%2Fcategories&post=51508"},{"taxonomy":"post_tag","embeddable":true,"href":"https:\/\/aconteceunovale.com.br\/portal\/index.php?rest_route=%2Fwp%2Fv2%2Ftags&post=51508"}],"curies":[{"name":"wp","href":"https:\/\/api.w.org\/{rel}","templated":true}]}}