{"id":51504,"date":"2015-02-01T18:53:06","date_gmt":"2015-02-01T21:53:06","guid":{"rendered":"http:\/\/aconteceunovale.com.br\/portal\/?p=51504"},"modified":"2015-02-01T18:53:06","modified_gmt":"2015-02-01T21:53:06","slug":"acidente-entre-carros-deixa-sete-feridos-na-regiao-central-de-minas","status":"publish","type":"post","link":"https:\/\/aconteceunovale.com.br\/portal\/?p=51504","title":{"rendered":"Acidente entre carros deixa sete feridos na regi\u00e3o Central de Minas"},"content":{"rendered":"<h4><strong><em>Motoristas passavam por uma curva acentuada na rodovia quando se chocaram de frente.<\/em><\/strong><\/h4>\n<p>Um grave acidente envolvendo dois ve\u00edculos de passeio deixou pelo menos sete pessoas feridas na tarde deste domingo e, Itabirito, na Regi\u00e3o Central de Minas. Segundo informa\u00e7\u00f5es do Corpo de Bombeiros Civil da cidade, os carros se envolveram em uma colis\u00e3o frontal quando passavam pela BR-356, na altura do km 56. <\/p>\n<p>Com o impacto, os ve\u00edculos sa\u00edram da pista. Um Chevrolet Corsa se chocou contra o barranco e, al\u00e9m de danos na parte frontal, teve a traseira completamente destru\u00edda. Agentes do Corpo de Bombeiros atenderam a ocorr\u00eancia e socorreram as v\u00edtimas, que foram encaminhadas para a Unidade de Pronto Atendimento de Itabirito. <\/p>\n<p>\u201cInfelizmente, este \u00e9 um tipo de acidente comum naquele trecho. \u00c9 uma curva muito acentuada e os motoristas entram nela em alta velocidade. Enquanto a pista n\u00e3o for dividida por uma mureta de prote\u00e7\u00e3o, acredito que ainda teremos muitas v\u00edtimas\u201d, observa o bombeiro civil Felipe Mendon\u00e7a.<\/p>\n<p><img decoding=\"async\" src=\"http:\/\/aconteceunovale.com.br\/portal\/wp-content\/uploads\/2015\/02\/acidente_itabirito_1_2_1.jpg\" alt=\"\" \/><em>Acidente aconteceu no KM 56 da BR-356, em Itabirito &#8211; Foto: Matheus Cavalieri \/ Estado de Minas<\/em><br \/>\n<\/br><\/p>\n<p><img decoding=\"async\" src=\"http:\/\/aconteceunovale.com.br\/portal\/wp-content\/uploads\/2015\/02\/acidente_itabirito_1_2_2.jpg\" alt=\"\" \/><em>Acidente aconteceu no KM 56 da BR-356, em Itabirito &#8211; Foto: Matheus Cavalieri \/ Estado de Minas<\/em><br \/>\n<\/br><\/p>\n<p><strong><em>(Estado de Minas)<\/em><\/strong><\/p>\n","protected":false},"excerpt":{"rendered":"<p>Motoristas passavam por uma curva acentuada na rodovia quando se chocaram de frente. Um grave acidente envolvendo dois ve\u00edculos de passeio deixou pelo menos sete pessoas feridas na tarde deste domingo e, Itabirito, na Regi\u00e3o Central de Minas. Segundo informa\u00e7\u00f5es do Corpo de Bombeiros Civil da cidade, os carros se envolveram em uma colis\u00e3o frontal [&hellip;]<\/p>\n","protected":false},"author":1,"featured_media":51505,"comment_status":"open","ping_status":"closed","sticky":false,"template":"","format":"standard","meta":{"amp_status":"","footnotes":""},"categories":[123],"tags":[32001,32000,31999],"class_list":["post-51504","post","type-post","status-publish","format-standard","has-post-thumbnail","hentry","category-gerais","tag-acidente-em-itabirito","tag-acidente-entre-carros-deixa-sete-feridos-em-itabirito","tag-acidente-entre-carros-deixa-sete-feridos-na-regiao-central-de-minas"],"_links":{"self":[{"href":"https:\/\/aconteceunovale.com.br\/portal\/index.php?rest_route=\/wp\/v2\/posts\/51504","targetHints":{"allow":["GET"]}}],"collection":[{"href":"https:\/\/aconteceunovale.com.br\/portal\/index.php?rest_route=\/wp\/v2\/posts"}],"about":[{"href":"https:\/\/aconteceunovale.com.br\/portal\/index.php?rest_route=\/wp\/v2\/types\/post"}],"author":[{"embeddable":true,"href":"https:\/\/aconteceunovale.com.br\/portal\/index.php?rest_route=\/wp\/v2\/users\/1"}],"replies":[{"embeddable":true,"href":"https:\/\/aconteceunovale.com.br\/portal\/index.php?rest_route=%2Fwp%2Fv2%2Fcomments&post=51504"}],"version-history":[{"count":0,"href":"https:\/\/aconteceunovale.com.br\/portal\/index.php?rest_route=\/wp\/v2\/posts\/51504\/revisions"}],"wp:featuredmedia":[{"embeddable":true,"href":"https:\/\/aconteceunovale.com.br\/portal\/index.php?rest_route=\/wp\/v2\/media\/51505"}],"wp:attachment":[{"href":"https:\/\/aconteceunovale.com.br\/portal\/index.php?rest_route=%2Fwp%2Fv2%2Fmedia&parent=51504"}],"wp:term":[{"taxonomy":"category","embeddable":true,"href":"https:\/\/aconteceunovale.com.br\/portal\/index.php?rest_route=%2Fwp%2Fv2%2Fcategories&post=51504"},{"taxonomy":"post_tag","embeddable":true,"href":"https:\/\/aconteceunovale.com.br\/portal\/index.php?rest_route=%2Fwp%2Fv2%2Ftags&post=51504"}],"curies":[{"name":"wp","href":"https:\/\/api.w.org\/{rel}","templated":true}]}}