{"id":51493,"date":"2015-02-01T18:21:21","date_gmt":"2015-02-01T21:21:21","guid":{"rendered":"http:\/\/aconteceunovale.com.br\/portal\/?p=51493"},"modified":"2015-02-01T18:21:21","modified_gmt":"2015-02-01T21:21:21","slug":"renan-calheiros-e-eleito-para-o-segundo-mandato-a-frente-do-senado","status":"publish","type":"post","link":"https:\/\/aconteceunovale.com.br\/portal\/?p=51493","title":{"rendered":"Renan Calheiros \u00e9 eleito para o segundo mandato a frente do Senado"},"content":{"rendered":"<h4><strong><em>Renan derrotou o companheiro de partido, Luiz Henrique (PMDB-SC).<\/em><\/strong><\/h4>\n<p>O senador Renan Calheiros (PMDB\/AL) foi eleito para a Presid\u00eancia do Senado com 49 votos. Luiz Henrique teve 31 votos e um foi nulo. Ele exercer\u00e1 o cargo entre 2015 e 2016. Maior partido da Casa, a bancada peemedebista indicou Renan Calheiros (PMDB-AL) para o segundo mandato e Luiz Henrique (PMDB-SC) apresentou candidatura pr\u00f3pria. O catarinense integra o grupo independente do PMDB. A partir de agora, os partidos indicar\u00e3o os nomes para os demais cargos da Mesa Diretora. O tamanho das bancadas partid\u00e1rias definir\u00e1 a prioridade nas indica\u00e7\u00f5es.<\/p>\n<p>Como segunda maior bancada no Senado, o PT tem direito a segunda indica\u00e7\u00e3o que deve ser a primeira vice-presid\u00eancia. No discurso aos senadores, ap\u00f3s a contagem de votos, Renan disse que as decis\u00f5es no Senado ser\u00e3o coletivas. &#8220;O entendimento nunca ser\u00e1 supress\u00e3o de quem pode menos por quem pode mais&#8221;, disse.<\/p>\n<p><img decoding=\"async\" src=\"http:\/\/aconteceunovale.com.br\/portal\/wp-content\/uploads\/2015\/02\/renan_reeleito.jpg\" alt=\"\" \/><em>Renan Calheiros presidir\u00e1 o Senado pelos pr\u00f3ximos dois anos &#8211; Foto: Ant\u00f4nio Cruz\/Ag\u00eancia Brasil<\/em><br \/>\n<\/br><\/p>\n<p><strong><em>(Ag\u00eancia Brasil)<\/em><\/strong><\/p>\n","protected":false},"excerpt":{"rendered":"<p>Renan derrotou o companheiro de partido, Luiz Henrique (PMDB-SC). O senador Renan Calheiros (PMDB\/AL) foi eleito para a Presid\u00eancia do Senado com 49 votos. Luiz Henrique teve 31 votos e um foi nulo. Ele exercer\u00e1 o cargo entre 2015 e 2016. Maior partido da Casa, a bancada peemedebista indicou Renan Calheiros (PMDB-AL) para o segundo [&hellip;]<\/p>\n","protected":false},"author":1,"featured_media":51494,"comment_status":"open","ping_status":"closed","sticky":false,"template":"","format":"standard","meta":{"amp_status":"","footnotes":""},"categories":[6],"tags":[31970,31969,18096,31967,31971,31968,31966,31965,21938,20479],"class_list":["post-51493","post","type-post","status-publish","format-standard","has-post-thumbnail","hentry","category-br","tag-eleicao-para-presidencia-do-senado","tag-eleicao-para-presidente-do-senado","tag-pmdb","tag-presidencia","tag-presidencia-do-senado","tag-presidente-do-senado","tag-renan-calheiros-e-eleito-para-o-segundo-mandato-a-frente-do-senado","tag-renan-calheiros-presidira-o-senado-pelos-proximos-dois-anos","tag-senado","tag-votos"],"_links":{"self":[{"href":"https:\/\/aconteceunovale.com.br\/portal\/index.php?rest_route=\/wp\/v2\/posts\/51493","targetHints":{"allow":["GET"]}}],"collection":[{"href":"https:\/\/aconteceunovale.com.br\/portal\/index.php?rest_route=\/wp\/v2\/posts"}],"about":[{"href":"https:\/\/aconteceunovale.com.br\/portal\/index.php?rest_route=\/wp\/v2\/types\/post"}],"author":[{"embeddable":true,"href":"https:\/\/aconteceunovale.com.br\/portal\/index.php?rest_route=\/wp\/v2\/users\/1"}],"replies":[{"embeddable":true,"href":"https:\/\/aconteceunovale.com.br\/portal\/index.php?rest_route=%2Fwp%2Fv2%2Fcomments&post=51493"}],"version-history":[{"count":0,"href":"https:\/\/aconteceunovale.com.br\/portal\/index.php?rest_route=\/wp\/v2\/posts\/51493\/revisions"}],"wp:featuredmedia":[{"embeddable":true,"href":"https:\/\/aconteceunovale.com.br\/portal\/index.php?rest_route=\/wp\/v2\/media\/51494"}],"wp:attachment":[{"href":"https:\/\/aconteceunovale.com.br\/portal\/index.php?rest_route=%2Fwp%2Fv2%2Fmedia&parent=51493"}],"wp:term":[{"taxonomy":"category","embeddable":true,"href":"https:\/\/aconteceunovale.com.br\/portal\/index.php?rest_route=%2Fwp%2Fv2%2Fcategories&post=51493"},{"taxonomy":"post_tag","embeddable":true,"href":"https:\/\/aconteceunovale.com.br\/portal\/index.php?rest_route=%2Fwp%2Fv2%2Ftags&post=51493"}],"curies":[{"name":"wp","href":"https:\/\/api.w.org\/{rel}","templated":true}]}}