{"id":51475,"date":"2015-02-01T18:10:33","date_gmt":"2015-02-01T21:10:33","guid":{"rendered":"http:\/\/aconteceunovale.com.br\/portal\/?p=51475"},"modified":"2015-02-01T18:11:55","modified_gmt":"2015-02-01T21:11:55","slug":"deputados-eleitos-tomam-posse-em-minas-gerais","status":"publish","type":"post","link":"https:\/\/aconteceunovale.com.br\/portal\/?p=51475","title":{"rendered":"Deputados prestam juramento e tomam posse em cerim\u00f4nia na ALMG"},"content":{"rendered":"<h4><strong><em>Os 77 parlamentares eleitos em 2014 v\u00e3o compor a Assembleia Legislativa de Minas Gerais nos pr\u00f3ximos quatro anos.<\/em><\/strong><\/h4>\n<p>\u201cPrometo defender e cumprir as constitui\u00e7\u00f5es e as leis da Rep\u00fablica e do Estado, bem como desempenhar, leal e honradamente, o mandato que me foi confiado pelo povo mineiro\u201d. Com a leitura do compromisso de posse feita pelo deputado mais idoso, Hely Tarq\u00fc\u00ednio (PV), os 77 deputados estaduais mineiros eleitos em outubro reafirmaram, na tarde deste domingo (1\u00ba\/2\/15), no Plen\u00e1rio da Assembleia Legislativa de Minas Gerais (ALMG), o compromisso de compor o Parlamento mineiro nos pr\u00f3ximos quatro anos (2015-2019). Ainda durante a reuni\u00e3o, foi instalada a 18\u00aa Legislatura da ALMG e sua 1\u00aa sess\u00e3o legislativa ordin\u00e1ria.<\/p>\n<p><img decoding=\"async\" src=\"http:\/\/aconteceunovale.com.br\/portal\/wp-content\/uploads\/2015\/02\/posse_almg_1_2_6.jpg\" alt=\"\" \/><em>Solenidade de posse dos deputados estaduais eleitos para a 18\u00aa Legislatura &#8211; Foto: Sarah Torres \/ ALMG<\/em><br \/>\n<\/br><\/p>\n<p>Acompanhada por centenas de pessoas na ALMG, a solenidade contou com a presen\u00e7a do vice-governador Ant\u00f4nio Andrade (PMDB), do 1\u00ba-vice-presidente do Tribunal de Justi\u00e7a de Minas Gerais (TJMG), desembargador Fernando Caldeira Brant, e de diversas autoridades estaduais e municipais, al\u00e9m dos familiares dos parlamentares.<\/p>\n<p>A reuni\u00e3o foi presidida pelo deputado Hely Tarq\u00fc\u00ednio, que convidou os deputados Paulo Guedes (PT) e Dalmo Ribeiro Silva (PSDB) para atuarem como 1\u00ba e 2\u00ba-secret\u00e1rios, respectivamente. Em seguida, houve a entrada das bandeiras do Brasil e de Minas Gerais, conduzidas por cadetes da Pol\u00edcia Militar e do Corpo de Bombeiros, e a execu\u00e7\u00e3o do Hino Nacional pela cantora Titane, acompanhada pelo violonista Rog\u00e9rio Delayon.<\/p>\n<p>Ap\u00f3s a leitura e a assinatura do compromisso de posse, feita primeiro pelo deputado Hely Tarq\u00fc\u00ednio, cada parlamentar eleito em 2014 e diplomado pelo Tribunal Regional Eleitoral (TRE-MG) foi chamado individualmente pelo 1\u00ba-secret\u00e1rio Paulo Guedes para assinar o termo de posse e prestar o juramento constitucional. Depois dessa etapa, o presidente declarou todos os parlamentares empossados e anunciou a instala\u00e7\u00e3o oficial da 18\u00aa Legislatura e de sua primeira sess\u00e3o legislativa ordin\u00e1ria (cada um dos quatro anos da legislatura).<\/p>\n<p>Ao final da reuni\u00e3o, os parlamentares e seus convidados foram conduzidos para o Espa\u00e7o Democr\u00e1tico Jos\u00e9 Aparecido de Oliveira para receberem os cumprimentos. Eles ainda retornam na tarde deste domingo (1\u00b0\/2) ao Plen\u00e1rio para a elei\u00e7\u00e3o da Mesa da ALMG para o 1\u00ba bi\u00eanio (2015-2017), que ter\u00e1, pela primeira vez, uma elei\u00e7\u00e3o aberta.<\/p>\n<p><strong>Chapa \u00fanica<\/strong> \u2013 Apenas uma chapa concorre \u00e0 elei\u00e7\u00e3o e \u00e9 composta pelos seguintes deputados candidatos: Adalclaver Lopes (PMDB), presidente; Hely Tarq\u00fc\u00ednio (PV), 1\u00ba-vice-presidente; Lafayette de Andrada (PSDB), 2\u00ba-vice-presidente; Braulio Braz (PTB), 3\u00ba-vice-presidente; Ulysses Gomes (PT), 1\u00ba-secret\u00e1rio; Alencar da Silveira Jr. (PDT), 2\u00ba-secret\u00e1rio; e Doutor Wilson Batista (PSD), 3\u00ba-secret\u00e1rio.<\/p>\n<p><strong>Mesa da solenidade<\/strong> \u2013 Al\u00e9m das autoridades citadas, compuseram a mesa da solenidade a defensora p\u00fablica geral do Estado, Christiane Neves Proc\u00f3pio Malard; o vice-presidente do Tribunal de Contas, conselheiro Sebasti\u00e3o Helv\u00e9cio; o prefeito de Belo Horizonte, M\u00e1rcio Lacerda; e o presidente da C\u00e2mara Municipal de Belo Horizonte, vereador Wellington Magalh\u00e3es.<\/p>\n<p><strong>Distribui\u00e7\u00e3o dos partidos<\/strong> &#8211; Na 18\u00aa Legislatura, a ALMG ter\u00e1 representantes de 22 partidos. Ser\u00e3o 11 cadeiras do PT, dez do PMDB e nove do PSDB. Quatro partidos ter\u00e3o quatro vagas cada: PDT, PSD, PV e PTB. J\u00e1 PR, PRTB, PCdoB, PP, PPS, PSB e PTN ter\u00e3o tr\u00eas representantes cada. Outros tr\u00eas partidos ter\u00e3o dois parlamentares cada: PSC, DEM e PRB. Elegeram um deputado os seguintes partidos: PHS, Pros, PEN, PMN e PTC.<\/p>\n<h4>Mensagem reafirma propostas do novo governo<\/h4>\n<p>O vice-governador Ant\u00f4nio Andrade fez a leitura da mensagem governamental contendo o balan\u00e7o referente ao quarto ano do Plano Plurianual de A\u00e7\u00e3o Governamental (PPAG) 2012-2015. Ele destacou que a mensagem n\u00e3o expressa uma avalia\u00e7\u00e3o quantitativa, mas sim um breve diagn\u00f3stico e a reafirma\u00e7\u00e3o de algumas propostas para o futuro de Minas Gerais. O documento foi entregue ao presidente da ALMG em exerc\u00edcio, deputado Hely Tarq\u00fc\u00ednio.<\/p>\n<p>Na mensagem, foi destacado que, apesar de os \u00faltimos 12 anos terem prometido um Estado enxuto e eficiente, o que se viu foi a aus\u00eancia de um resultado estruturador para o desenvolvimento integrado. \u201cOs indicadores econ\u00f4micos colocam Minas em situa\u00e7\u00e3o preocupante, perdendo competitividade e com uma das maiores d\u00edvidas do Pa\u00eds. O resultado \u00e9 uma baixa taxa de crescimento e consequente incapacidade por parte do Estado de dar respostas aos problemas fundamentais da popula\u00e7\u00e3o \u2013 como sa\u00fade, educa\u00e7\u00e3o e seguran\u00e7a \u2013 o que justifica os baixos indicadores sociais\u201d, ressalta a mensagem.<\/p>\n<p>A mensagem destacou a import\u00e2ncia da mobiliza\u00e7\u00e3o e envolvimento de representantes das diversas regi\u00f5es de Minas, servidores p\u00fablicos e agentes econ\u00f4micos para a constru\u00e7\u00e3o de uma nova vis\u00e3o de administra\u00e7\u00e3o, que &#8220;n\u00e3o governar\u00e1 exclusivamente de Belo Horizonte, mas de forma regionalizada&#8221;.<\/p>\n<p>O governador destacou ainda que o Estado enfrenta uma situa\u00e7\u00e3o fiscal preocupante, com pequena margem para a amplia\u00e7\u00e3o de despesas e programas sociais. \u201cO governo se compromete a alcan\u00e7ar o equil\u00edbrio fiscal, com base em uma pol\u00edtica austera no controle dos gastos p\u00fablicos, observando, principalmente, a capacidade de arrecada\u00e7\u00e3o tribut\u00e1ria. No mesmo sentido, o governo firma o compromisso de condu\u00e7\u00e3o da administra\u00e7\u00e3o p\u00fablica com foco no desenvolvimento territorial, primando pelo planejamento e pela participa\u00e7\u00e3o social\u201d, diz a mensagem. <\/p>\n<h4>Galeria de Fotos<\/h4>\n<p><em>(Cr\u00e9ditos: Sarah Torres e Guilherme Bergamini \/ ALMG)<\/em><\/p>\n<p><img decoding=\"async\" src=\"http:\/\/aconteceunovale.com.br\/portal\/wp-content\/uploads\/2015\/02\/posse_almg_1_2_1.jpg\" alt=\"\" \/><img decoding=\"async\" src=\"http:\/\/aconteceunovale.com.br\/portal\/wp-content\/uploads\/2015\/02\/posse_almg_1_2_2.jpg\" alt=\"\" \/><img decoding=\"async\" src=\"http:\/\/aconteceunovale.com.br\/portal\/wp-content\/uploads\/2015\/02\/posse_almg_1_2_3.jpg\" alt=\"\" \/><img decoding=\"async\" src=\"http:\/\/aconteceunovale.com.br\/portal\/wp-content\/uploads\/2015\/02\/posse_almg_1_2_4.jpg\" alt=\"\" \/><img decoding=\"async\" src=\"http:\/\/aconteceunovale.com.br\/portal\/wp-content\/uploads\/2015\/02\/posse_almg_1_2_5.jpg\" alt=\"\" \/><img decoding=\"async\" src=\"http:\/\/aconteceunovale.com.br\/portal\/wp-content\/uploads\/2015\/02\/posse_almg_1_2_6.jpg\" alt=\"\" \/><img decoding=\"async\" src=\"http:\/\/aconteceunovale.com.br\/portal\/wp-content\/uploads\/2015\/02\/posse_almg_1_2_7.jpg\" alt=\"\" \/><img decoding=\"async\" src=\"http:\/\/aconteceunovale.com.br\/portal\/wp-content\/uploads\/2015\/02\/posse_almg_1_2_8.jpg\" alt=\"\" \/><img decoding=\"async\" src=\"http:\/\/aconteceunovale.com.br\/portal\/wp-content\/uploads\/2015\/02\/posse_almg_1_2_9.jpg\" alt=\"\" \/><img decoding=\"async\" src=\"http:\/\/aconteceunovale.com.br\/portal\/wp-content\/uploads\/2015\/02\/posse_almg_1_2_10.jpg\" alt=\"\" \/><img decoding=\"async\" src=\"http:\/\/aconteceunovale.com.br\/portal\/wp-content\/uploads\/2015\/02\/posse_almg_1_2_11.jpg\" alt=\"\" \/><img decoding=\"async\" src=\"http:\/\/aconteceunovale.com.br\/portal\/wp-content\/uploads\/2015\/02\/posse_almg_1_2_12.jpg\" alt=\"\" \/><img decoding=\"async\" src=\"http:\/\/aconteceunovale.com.br\/portal\/wp-content\/uploads\/2015\/02\/posse_almg_1_2_13.jpg\" alt=\"\" \/><img decoding=\"async\" src=\"http:\/\/aconteceunovale.com.br\/portal\/wp-content\/uploads\/2015\/02\/posse_almg_1_2_14.jpg\" alt=\"\" \/><img decoding=\"async\" src=\"http:\/\/aconteceunovale.com.br\/portal\/wp-content\/uploads\/2015\/02\/posse_almg_1_2_15.jpg\" alt=\"\" \/><a href=\"http:\/\/www.almg.gov.br\/sala_imprensa\/fotos\/index.html?idAlb=7668&#038;albPos=68\" target=\"_blank\">Confira a cobertura completa no site da ALMG (Clique Aqui)<\/a><br \/>\n<\/br><\/p>\n<p><strong><em>(Fonte: ALMG)<\/em><\/strong><\/p>\n","protected":false},"excerpt":{"rendered":"<p>Os 77 parlamentares eleitos em 2014 v\u00e3o compor a Assembleia Legislativa de Minas Gerais nos pr\u00f3ximos quatro anos. \u201cPrometo defender e cumprir as constitui\u00e7\u00f5es e as leis da Rep\u00fablica e do Estado, bem como desempenhar, leal e honradamente, o mandato que me foi confiado pelo povo mineiro\u201d. Com a leitura do compromisso de posse feita [&hellip;]<\/p>\n","protected":false},"author":1,"featured_media":51481,"comment_status":"open","ping_status":"closed","sticky":false,"template":"","format":"standard","meta":{"amp_status":"","footnotes":""},"categories":[123],"tags":[31961,31957,31955,31964,1018,31959,31960,31962,31958,31963,31956],"class_list":["post-51475","post","type-post","status-publish","format-standard","has-post-thumbnail","hentry","category-gerais","tag-77-deputados-eleitos-em-minas-gerais-tomam-posse","tag-cerimonia-de-posse-dos-deputados-de-minas-gerais","tag-deputados-eleitos-tomam-posse-em-minas-gerais","tag-deputados-prestam-juramento-e-tomam-posse-em-cerimonia-na-almg","tag-destaque","tag-fotos-da-posse-dos-deputados-de-minas-gerais","tag-fotos-da-posse-na-almg","tag-os-77-parlamentares-eleitos-em-2014-vao-compor-a-assembleia-legislativa-de-minas-gerais-nos-proximos-quatro-anos","tag-posse-dos-deputados-de-minas-gerais","tag-solenidade-de-posse-dos-deputados-estaduais-eleitos-para-a-18a-legislatura","tag-veja-como-foi-a-cerimonia-de-posse-na-almg"],"_links":{"self":[{"href":"https:\/\/aconteceunovale.com.br\/portal\/index.php?rest_route=\/wp\/v2\/posts\/51475","targetHints":{"allow":["GET"]}}],"collection":[{"href":"https:\/\/aconteceunovale.com.br\/portal\/index.php?rest_route=\/wp\/v2\/posts"}],"about":[{"href":"https:\/\/aconteceunovale.com.br\/portal\/index.php?rest_route=\/wp\/v2\/types\/post"}],"author":[{"embeddable":true,"href":"https:\/\/aconteceunovale.com.br\/portal\/index.php?rest_route=\/wp\/v2\/users\/1"}],"replies":[{"embeddable":true,"href":"https:\/\/aconteceunovale.com.br\/portal\/index.php?rest_route=%2Fwp%2Fv2%2Fcomments&post=51475"}],"version-history":[{"count":0,"href":"https:\/\/aconteceunovale.com.br\/portal\/index.php?rest_route=\/wp\/v2\/posts\/51475\/revisions"}],"wp:featuredmedia":[{"embeddable":true,"href":"https:\/\/aconteceunovale.com.br\/portal\/index.php?rest_route=\/wp\/v2\/media\/51481"}],"wp:attachment":[{"href":"https:\/\/aconteceunovale.com.br\/portal\/index.php?rest_route=%2Fwp%2Fv2%2Fmedia&parent=51475"}],"wp:term":[{"taxonomy":"category","embeddable":true,"href":"https:\/\/aconteceunovale.com.br\/portal\/index.php?rest_route=%2Fwp%2Fv2%2Fcategories&post=51475"},{"taxonomy":"post_tag","embeddable":true,"href":"https:\/\/aconteceunovale.com.br\/portal\/index.php?rest_route=%2Fwp%2Fv2%2Ftags&post=51475"}],"curies":[{"name":"wp","href":"https:\/\/api.w.org\/{rel}","templated":true}]}}