{"id":51472,"date":"2015-02-01T17:47:09","date_gmt":"2015-02-01T20:47:09","guid":{"rendered":"http:\/\/aconteceunovale.com.br\/portal\/?p=51472"},"modified":"2015-02-02T19:38:49","modified_gmt":"2015-02-02T22:38:49","slug":"balsa-sera-usada-para-travessia-de-veiculos-no-rio-jequitinhonha-em-almenara","status":"publish","type":"post","link":"https:\/\/aconteceunovale.com.br\/portal\/?p=51472","title":{"rendered":"Balsa ser\u00e1 usada para travessia de ve\u00edculos no Rio Jequitinhonha em Almenara"},"content":{"rendered":"<h4><strong><em>A previs\u00e3o \u00e9 que a embarca\u00e7\u00e3o comece a operar na pr\u00f3xima quarta-feira (4).<\/em><\/strong><\/h4>\n<p>Uma balsa que ser\u00e1 utilizada para travessia de ve\u00edculos no Rio Jequitinhonha, chegou a Almenara na tarde deste domingo, 1\u00ba de fevereiro. A embarca\u00e7\u00e3o foi emprestada pela prefeitura de Jequitinhonha para a Associa\u00e7\u00e3o Comercial de Almenara. Segundo o presidente da associa\u00e7\u00e3o, Jos\u00e9 Oliveira, a balsa possui 18 metros e cerca de 23 toneladas. Cabem na estrutura oito ve\u00edculos, ou um caminh\u00e3o e um \u00f4nibus, separados.<\/p>\n<p><img decoding=\"async\" src=\"http:\/\/aconteceunovale.com.br\/portal\/wp-content\/uploads\/2015\/02\/balsa_almenara_01_1.jpg\" alt=\"\" \/><em>Equipamento chegou a Almenara na tarde deste domingo &#8211; Foto: Internauta\/WhatsApp<\/em><br \/>\n<\/br><\/p>\n<p>Segundo Jos\u00e9 Oliveira, os comerciantes tiveram  preju\u00edzo de 50% nas vendas, desde a interdi\u00e7\u00e3o da ponte, por isso a iniciativa de trazer a balsa. \u201cO comerciante est\u00e1 desesperado, por causa preju\u00edzo todos est\u00e3o no vermelho. Tem gente fechando o com\u00e9rcio, eu j\u00e1 demiti um funcion\u00e1rio e alguns empres\u00e1rios est\u00e3o demitindo de cinco a seis trabalhadores\u201d, afirma Jos\u00e9 Oliveira.<\/p>\n<p>Ainda de acordo com ele, a associa\u00e7\u00e3o n\u00e3o tem condi\u00e7\u00f5es de pagar os dois seguran\u00e7as, transportadores e ilumina\u00e7\u00e3o, por isso ser\u00e1 cobrado para utiliza\u00e7\u00e3o da balsa. &#8220;Caminh\u00f5es e \u00f4nibus custar\u00e3o R$ 10, enquanto os carros ser\u00e3o R$ 5, j\u00e1 motocicleta vai custar R$ 2&#8221;, explica.<\/p>\n<p>A associa\u00e7\u00e3o espera a libera\u00e7\u00e3o de um guincho para colocar a balsa no rio. A expectativa \u00e9 que at\u00e9 a quarta-feira (04), ela j\u00e1 esteja funcionando. (G1)<\/p>\n","protected":false},"excerpt":{"rendered":"<p>A previs\u00e3o \u00e9 que a embarca\u00e7\u00e3o comece a operar na pr\u00f3xima quarta-feira (4). Uma balsa que ser\u00e1 utilizada para travessia de ve\u00edculos no Rio Jequitinhonha, chegou a Almenara na tarde deste domingo, 1\u00ba de fevereiro. A embarca\u00e7\u00e3o foi emprestada pela prefeitura de Jequitinhonha para a Associa\u00e7\u00e3o Comercial de Almenara. Segundo o presidente da associa\u00e7\u00e3o, Jos\u00e9 [&hellip;]<\/p>\n","protected":false},"author":1,"featured_media":51473,"comment_status":"open","ping_status":"closed","sticky":false,"template":"","format":"standard","meta":{"amp_status":"","footnotes":""},"categories":[120],"tags":[31954,142,32190,31952,31951,32191,31953,206030],"class_list":["post-51472","post","type-post","status-publish","format-standard","has-post-thumbnail","hentry","category-jequi","tag-acesso-a-almenara","tag-almenara","tag-associacao-comercial-de-almenara","tag-balsa-almenara","tag-balsa-sera-usada-para-travessia-de-veiculos-no-rio-jequitinhonha-em-almenara","tag-jose-oliveira","tag-travessia-rio-jequitinhonha-almenara","tag-jequi"],"_links":{"self":[{"href":"https:\/\/aconteceunovale.com.br\/portal\/index.php?rest_route=\/wp\/v2\/posts\/51472","targetHints":{"allow":["GET"]}}],"collection":[{"href":"https:\/\/aconteceunovale.com.br\/portal\/index.php?rest_route=\/wp\/v2\/posts"}],"about":[{"href":"https:\/\/aconteceunovale.com.br\/portal\/index.php?rest_route=\/wp\/v2\/types\/post"}],"author":[{"embeddable":true,"href":"https:\/\/aconteceunovale.com.br\/portal\/index.php?rest_route=\/wp\/v2\/users\/1"}],"replies":[{"embeddable":true,"href":"https:\/\/aconteceunovale.com.br\/portal\/index.php?rest_route=%2Fwp%2Fv2%2Fcomments&post=51472"}],"version-history":[{"count":0,"href":"https:\/\/aconteceunovale.com.br\/portal\/index.php?rest_route=\/wp\/v2\/posts\/51472\/revisions"}],"wp:featuredmedia":[{"embeddable":true,"href":"https:\/\/aconteceunovale.com.br\/portal\/index.php?rest_route=\/wp\/v2\/media\/51473"}],"wp:attachment":[{"href":"https:\/\/aconteceunovale.com.br\/portal\/index.php?rest_route=%2Fwp%2Fv2%2Fmedia&parent=51472"}],"wp:term":[{"taxonomy":"category","embeddable":true,"href":"https:\/\/aconteceunovale.com.br\/portal\/index.php?rest_route=%2Fwp%2Fv2%2Fcategories&post=51472"},{"taxonomy":"post_tag","embeddable":true,"href":"https:\/\/aconteceunovale.com.br\/portal\/index.php?rest_route=%2Fwp%2Fv2%2Ftags&post=51472"}],"curies":[{"name":"wp","href":"https:\/\/api.w.org\/{rel}","templated":true}]}}