{"id":51465,"date":"2015-02-01T12:55:02","date_gmt":"2015-02-01T15:55:02","guid":{"rendered":"http:\/\/aconteceunovale.com.br\/portal\/?p=51465"},"modified":"2015-02-01T12:55:02","modified_gmt":"2015-02-01T15:55:02","slug":"paredoes-de-som-sao-proibidos-em-varias-cidades-com-tradicao-carnavalesca","status":"publish","type":"post","link":"https:\/\/aconteceunovale.com.br\/portal\/?p=51465","title":{"rendered":"Pared\u00f5es de som s\u00e3o proibidos em v\u00e1rias cidades com tradi\u00e7\u00e3o carnavalesca"},"content":{"rendered":"<h4><strong><em>Em Diamantina, decreto pro\u00edbe qualquer tipo de carro de som. Outras cidades tamb\u00e9m proibiram os pared\u00f5es de som.<\/em><\/strong><\/h4>\n<p>Pressionados pelo Minist\u00e9rio P\u00fablico Estadual (MPE) e pela popula\u00e7\u00e3o, prefeitos de cidades mineiras com tradi\u00e7\u00e3o carnavalesca recuaram e prometem proibir carros com som estridente. Nos \u00faltimos anos, moradores e os pr\u00f3prios foli\u00f5es tiveram dificuldade de recarregar as baterias com a perda do sono por causa do excesso de polui\u00e7\u00e3o sonora.<\/p>\n<p>Mediante pagamento de taxa, donos de ve\u00edculos de passeio com pot\u00eancia de trio-el\u00e9trico adquiriram alvar\u00e1s de prefeituras para usar o equipamento de maneira fren\u00e9tica durante o feriad\u00e3o. Como resultado, ruas e pra\u00e7as p\u00fablicas se tornaram palco de competi\u00e7\u00f5es promovidas, na maioria das vezes, por forasteiros simpatizantes do funk batid\u00e3o.<\/p>\n<p>Devido ao barulho, a Pol\u00edcia Militar (PM) registrou uma enxurrada de boletins de ocorr\u00eancia por perturba\u00e7\u00e3o ao sossego. Pela legisla\u00e7\u00e3o, polui\u00e7\u00e3o sonora \u00e9 contraven\u00e7\u00e3o penal pass\u00edvel de puni\u00e7\u00e3o que vai de multa at\u00e9 pris\u00e3o de 15 dias a tr\u00eas meses.<\/p>\n<h4>Exemplos<\/h4>\n<p>Na hist\u00f3rica Diamantina, no Vale do Jequitinhonha, a administra\u00e7\u00e3o municipal e o MPE entraram em acordo, e o prefeito Paulo C\u00e9lio de Almeida Hugo (PSDB) baixou um decreto, no fim do ano passado, vetando qualquer tipo de carro de som. Foi proibida, tamb\u00e9m, a instala\u00e7\u00e3o de caixas de som nas fachadas das casas, al\u00e9m da coloca\u00e7\u00e3o de palcos e tablados para bandas. A medida, segundo o prefeito, visa a zelar pelo patrim\u00f4nio, assegurar a conviv\u00eancia humana e promover o bem-estar.<\/p>\n<p>Depois das diversas queixas registradas na folia de 2014, o prefeito de Abaet\u00e9, na regi\u00e3o Central, Armando Greco (DEM), desistiu de vender alvar\u00e1s liberando os carros de som e decidiu atender recomenda\u00e7\u00e3o do promotor Thiago Augusto. O membro do MPE exige rigor na fiscaliza\u00e7\u00e3o de abusos.<\/p>\n<p>Com a flexibiliza\u00e7\u00e3o das regras no ano passado, a cidade foi invadida pelos ve\u00edculos chamados de \u201cpared\u00f5es de som\u201d. Os donos dos carros realizaram um concurso de todo tipo de funk na pra\u00e7a principal do munic\u00edpio. Neste ano, quem insistir com a barulheira vai pagar multa de R$ 1 mil e ter o ve\u00edculo apreendido.<\/p>\n<p>Perto de Abaet\u00e9, em Pomp\u00e9u, turistas e moradores j\u00e1 colhem frutos do fim da concess\u00e3o de alvar\u00e1s. O promotor de Justi\u00e7a Gilvan Augusto Alves expediu uma recomenda\u00e7\u00e3o ao prefeito Joaquim Campos Reis (PPS) proibindo a comercializa\u00e7\u00e3o das licen\u00e7as De acordo com Alves, em caso de excesso de barulho, a PM realiza uma primeira abordagem. Se n\u00e3o surtir efeito, o ve\u00edculo \u00e9 apreendido e o dono, multado.<\/p>\n<p>Respons\u00e1vel pela comarca de Bom Despacho, na regi\u00e3o Central, o promotor de Justi\u00e7a Giovani Vieira Avelar deu prazo para o prefeito da cidade, Fernando Jos\u00e9 Castro (PPS), dar garantias concretas de que n\u00e3o haver\u00e1 excesso de polui\u00e7\u00e3o sonora.<\/p>\n<p>Nesse sentido, o membro do MPE ressalta que a PM possui um aparelho de medi\u00e7\u00e3o de decib\u00e9is. \u201cA recomenda\u00e7\u00e3o \u00e9 reten\u00e7\u00e3o do ve\u00edculo e enquadramento do infrator que extrapolar os limites de ru\u00eddos\u201d, explicou.<\/p>\n<p>Nos munic\u00edpios hist\u00f3ricos de S\u00e3o Jo\u00e3o del-Rei e Tiradentes, o promotor de Justi\u00e7a Ant\u00f4nio Pedro da Silva Melo ainda est\u00e1 acertando os detalhes da festa com os prefeitos das respectivas cidades. Na sexta-feira (30), ele enviou um of\u00edcio aos gestores solicitando rigorosa fiscaliza\u00e7\u00e3o para conter a m\u00fasica a todo volume. No documento, o promotor pede que seja evitado o uso de caixas de som com grande pot\u00eancia.<\/p>\n<h4>Marchinha para tranquilizar a festa<\/h4>\n<p>Como forma de resgatar a tradi\u00e7\u00e3o da festa momesca, mas sem perder a anima\u00e7\u00e3o, a cidade de Pomp\u00e9u, a 180 Km de BH, vai colocar o \u201cBloco da Joaquina\u201d na rua pela primeira vez neste ano.<\/p>\n<p>Criada em homenagem \u00e0 Dona Joaquina do Pomp\u00e9u, lend\u00e1ria fazendeira e senhora de escravos que viveu na cidade no s\u00e9culo XVIII, a trupe promete tocar s\u00f3 marchinhas de Carnaval.<\/p>\n<p>Um dos idealizadores do bloco, Hugo de Castro, diretor do museu que guarda o acervo da fazendeira, diz que a meta \u00e9 atrair at\u00e9 100 integrantes para o bloco.<\/p>\n<p>\u201cEstamos propondo o resgate do Carnaval \u00e0 moda antiga. Queremos fazer uma festa com estilo diferente. As pessoas procuraram a gente porque estavam sentindo falta das marchinhas\u201d, explicou.<\/p>\n<p>Inaugurado em 2011, o museu funciona em um casar\u00e3o hist\u00f3rico pertencente a um bisneto da fazendeira.<\/p>\n<p>Para participar do bloco, \u00e9 preciso comprar uma blusa por R$ 40. Na estampa da camisa, est\u00e1 a imagem de Dona Joaquina em tela da artista pl\u00e1stica Yara Tupynamb\u00e1. O bloco ser\u00e1 animado pela banda de sopro e percuss\u00e3o \u201cSeresteiros dos Buritis\u201d, de Pomp\u00e9u.<\/p>\n<p><strong><em>(Fonte: Hoje em Dia)<\/em><\/strong><\/p>\n","protected":false},"excerpt":{"rendered":"<p>Em Diamantina, decreto pro\u00edbe qualquer tipo de carro de som. Outras cidades tamb\u00e9m proibiram os pared\u00f5es de som. Pressionados pelo Minist\u00e9rio P\u00fablico Estadual (MPE) e pela popula\u00e7\u00e3o, prefeitos de cidades mineiras com tradi\u00e7\u00e3o carnavalesca recuaram e prometem proibir carros com som estridente. Nos \u00faltimos anos, moradores e os pr\u00f3prios foli\u00f5es tiveram dificuldade de recarregar as [&hellip;]<\/p>\n","protected":false},"author":1,"featured_media":51466,"comment_status":"open","ping_status":"closed","sticky":false,"template":"","format":"standard","meta":{"amp_status":"","footnotes":""},"categories":[123],"tags":[1511,31936,31932,31937,1510,198,31938,31934,31935,31933,31939,31931,25032,218,711],"class_list":["post-51465","post","type-post","status-publish","format-standard","has-post-thumbnail","hentry","category-gerais","tag-abaete","tag-antonio-pedro-da-silva-melo","tag-armando-greco","tag-bloco-da-joaquina","tag-bom-despacho","tag-diamantina","tag-dona-joaquina-do-pompeu","tag-fernando-jose-castro","tag-giovani-vieira-avelar","tag-joaquim-campos-reis","tag-paredoes-de-som-sao-proibidos-em-varias-cidades-com-tradicao-carnavalesca","tag-paulo-celio-de-almeida-hugo","tag-pompeu","tag-sao-joao-del-rei","tag-tiradentes"],"_links":{"self":[{"href":"https:\/\/aconteceunovale.com.br\/portal\/index.php?rest_route=\/wp\/v2\/posts\/51465","targetHints":{"allow":["GET"]}}],"collection":[{"href":"https:\/\/aconteceunovale.com.br\/portal\/index.php?rest_route=\/wp\/v2\/posts"}],"about":[{"href":"https:\/\/aconteceunovale.com.br\/portal\/index.php?rest_route=\/wp\/v2\/types\/post"}],"author":[{"embeddable":true,"href":"https:\/\/aconteceunovale.com.br\/portal\/index.php?rest_route=\/wp\/v2\/users\/1"}],"replies":[{"embeddable":true,"href":"https:\/\/aconteceunovale.com.br\/portal\/index.php?rest_route=%2Fwp%2Fv2%2Fcomments&post=51465"}],"version-history":[{"count":0,"href":"https:\/\/aconteceunovale.com.br\/portal\/index.php?rest_route=\/wp\/v2\/posts\/51465\/revisions"}],"wp:featuredmedia":[{"embeddable":true,"href":"https:\/\/aconteceunovale.com.br\/portal\/index.php?rest_route=\/wp\/v2\/media\/51466"}],"wp:attachment":[{"href":"https:\/\/aconteceunovale.com.br\/portal\/index.php?rest_route=%2Fwp%2Fv2%2Fmedia&parent=51465"}],"wp:term":[{"taxonomy":"category","embeddable":true,"href":"https:\/\/aconteceunovale.com.br\/portal\/index.php?rest_route=%2Fwp%2Fv2%2Fcategories&post=51465"},{"taxonomy":"post_tag","embeddable":true,"href":"https:\/\/aconteceunovale.com.br\/portal\/index.php?rest_route=%2Fwp%2Fv2%2Ftags&post=51465"}],"curies":[{"name":"wp","href":"https:\/\/api.w.org\/{rel}","templated":true}]}}