{"id":51463,"date":"2015-02-01T12:32:04","date_gmt":"2015-02-01T15:32:04","guid":{"rendered":"http:\/\/aconteceunovale.com.br\/portal\/?p=51463"},"modified":"2015-02-01T19:15:04","modified_gmt":"2015-02-01T22:15:04","slug":"motorista-e-preso-apos-atropelar-e-matar-crianca-de-10-anos-em-padre-carvalho","status":"publish","type":"post","link":"https:\/\/aconteceunovale.com.br\/portal\/?p=51463","title":{"rendered":"Motorista \u00e9 preso ap\u00f3s atropelar e matar crian\u00e7a de 10 anos em Padre Carvalho"},"content":{"rendered":"<h4><strong><em>Atropelamento aconteceu no Centro, em Padre Carvalho. Crian\u00e7a morreu e homem foi encaminhado para a delegacia de Salinas.<\/em><\/strong><\/h4>\n<p>Um motorista, de 25 anos, foi preso depois de atropelar e matar um menino de 10 anos que andava de bicicleta, na noite dese s\u00e1bado (31), em Padre Carvalho, no Norte de Minas Gerais.<\/p>\n<p>R.P.C. contou \u00e0 Pol\u00edcia Militar que fez uma curva, na rua Montes Claros, no centro da cidade e n\u00e3o viu a crian\u00e7a. Testemunhas confirmaram o depoimento do condutor e disseram que Juarley Cardoso de Oliveira andava de bicicleta no sentido contr\u00e1rio quando foi atropelado pelo ve\u00edculo que curvava.<\/p>\n<p>Uma equipe do Servi\u00e7o de Atendimento M\u00f3vel de Urg\u00eancia (Samu) esteve no local e constatou o \u00f3bito da crian\u00e7a por esmagamento de cr\u00e2nio.<\/p>\n<p>O suspeito, que \u00e9 habilitado e estava com a documenta\u00e7\u00e3o do ve\u00edculo em dia, foi encaminhado para a Delegacia de Pol\u00edcia Civil de Salinas, na mesma regi\u00e3o. A PM n\u00e3o informou qual era o ve\u00edculo envolvido no acidente.<\/p>\n<p><img decoding=\"async\" src=\"http:\/\/aconteceunovale.com.br\/portal\/wp-content\/uploads\/2014\/02\/padre_carvalho_mg.jpg\" alt=\"\" \/><em>Acidente aconteceu no Centro de Padre Carvalho, no Norte de Minas &#8211; Foto: Reprodu\u00e7\u00e3o<\/em><br \/>\n<\/br><\/p>\n<p><strong><em>(O Tempo)<\/em><\/strong><\/p>\n","protected":false},"excerpt":{"rendered":"<p>Atropelamento aconteceu no Centro, em Padre Carvalho. Crian\u00e7a morreu e homem foi encaminhado para a delegacia de Salinas. Um motorista, de 25 anos, foi preso depois de atropelar e matar um menino de 10 anos que andava de bicicleta, na noite dese s\u00e1bado (31), em Padre Carvalho, no Norte de Minas Gerais. R.P.C. contou \u00e0 [&hellip;]<\/p>\n","protected":false},"author":1,"featured_media":21209,"comment_status":"open","ping_status":"closed","sticky":false,"template":"","format":"standard","meta":{"amp_status":"","footnotes":""},"categories":[1236],"tags":[32011,31930,877,190],"class_list":["post-51463","post","type-post","status-publish","format-standard","has-post-thumbnail","hentry","category-norte_de_minas","tag-juarley-cardoso-de-oliveira","tag-motorista-e-preso-apos-atropelar-e-matar-crianca-de-10-anos-em-padre-carvalho","tag-padre-carvalho","tag-salinas"],"_links":{"self":[{"href":"https:\/\/aconteceunovale.com.br\/portal\/index.php?rest_route=\/wp\/v2\/posts\/51463","targetHints":{"allow":["GET"]}}],"collection":[{"href":"https:\/\/aconteceunovale.com.br\/portal\/index.php?rest_route=\/wp\/v2\/posts"}],"about":[{"href":"https:\/\/aconteceunovale.com.br\/portal\/index.php?rest_route=\/wp\/v2\/types\/post"}],"author":[{"embeddable":true,"href":"https:\/\/aconteceunovale.com.br\/portal\/index.php?rest_route=\/wp\/v2\/users\/1"}],"replies":[{"embeddable":true,"href":"https:\/\/aconteceunovale.com.br\/portal\/index.php?rest_route=%2Fwp%2Fv2%2Fcomments&post=51463"}],"version-history":[{"count":0,"href":"https:\/\/aconteceunovale.com.br\/portal\/index.php?rest_route=\/wp\/v2\/posts\/51463\/revisions"}],"wp:featuredmedia":[{"embeddable":true,"href":"https:\/\/aconteceunovale.com.br\/portal\/index.php?rest_route=\/wp\/v2\/media\/21209"}],"wp:attachment":[{"href":"https:\/\/aconteceunovale.com.br\/portal\/index.php?rest_route=%2Fwp%2Fv2%2Fmedia&parent=51463"}],"wp:term":[{"taxonomy":"category","embeddable":true,"href":"https:\/\/aconteceunovale.com.br\/portal\/index.php?rest_route=%2Fwp%2Fv2%2Fcategories&post=51463"},{"taxonomy":"post_tag","embeddable":true,"href":"https:\/\/aconteceunovale.com.br\/portal\/index.php?rest_route=%2Fwp%2Fv2%2Ftags&post=51463"}],"curies":[{"name":"wp","href":"https:\/\/api.w.org\/{rel}","templated":true}]}}