{"id":51460,"date":"2015-02-01T12:27:30","date_gmt":"2015-02-01T15:27:30","guid":{"rendered":"http:\/\/aconteceunovale.com.br\/portal\/?p=51460"},"modified":"2015-02-01T12:27:30","modified_gmt":"2015-02-01T15:27:30","slug":"jovem-acusa-vereador-de-tentativa-de-homicidio-em-verdelandia","status":"publish","type":"post","link":"https:\/\/aconteceunovale.com.br\/portal\/?p=51460","title":{"rendered":"Jovem acusa vereador de tentativa de homic\u00eddio em Verdel\u00e2ndia"},"content":{"rendered":"<h4><strong><em>V\u00edtima disse que vereador o seguiu e atirou quatro vezes. PM n\u00e3o conseguiu localizar o suspeito.<\/em><\/strong><\/h4>\n<p>Um jovem de 21 anos afirma ter sido baleado neste s\u00e1bado, 31 de janeiro, por um vereador de Verdel\u00e2ndia, no Norte do Estado de Minas Gerais. O rapaz foi atingido na coxa.<\/p>\n<p>Ele disse para a Pol\u00edcia Militar que passava por uma ponte na Rua Ursino Cardoso, quando percebeu que estava sendo seguido por um carro. Ainda de acordo com ele, o vereador, de 29 anos, conduzia o carro, parou e atirou quatro vezes.<\/p>\n<p>O rapaz afirmou ainda que, ap\u00f3s ser atingido, se escondeu em um matagal. O suspeito do crime n\u00e3o foi localizado. A motiva\u00e7\u00e3o do crime est\u00e1 sendo investigada. <\/p>\n<p><img decoding=\"async\" src=\"http:\/\/aconteceunovale.com.br\/portal\/wp-content\/uploads\/2015\/02\/verdelandia_mg.jpg\" alt=\"\" \/><em>Caso aconteceu em Verdel\u00e2ndia, no Norte de Minas Gerais &#8211; Foto: Reprodu\u00e7\u00e3o<\/em><br \/>\n<\/br><\/p>\n<p><strong><em>(Inter TV Grande Minas)<\/em><\/strong><\/p>\n","protected":false},"excerpt":{"rendered":"<p>V\u00edtima disse que vereador o seguiu e atirou quatro vezes. PM n\u00e3o conseguiu localizar o suspeito. Um jovem de 21 anos afirma ter sido baleado neste s\u00e1bado, 31 de janeiro, por um vereador de Verdel\u00e2ndia, no Norte do Estado de Minas Gerais. O rapaz foi atingido na coxa. Ele disse para a Pol\u00edcia Militar que [&hellip;]<\/p>\n","protected":false},"author":1,"featured_media":51461,"comment_status":"open","ping_status":"closed","sticky":false,"template":"","format":"standard","meta":{"amp_status":"","footnotes":""},"categories":[1236],"tags":[31928,1814,31929],"class_list":["post-51460","post","type-post","status-publish","format-standard","has-post-thumbnail","hentry","category-norte_de_minas","tag-jovem-acusa-vereador-de-tentativa-de-homicidio-em-verdelandia","tag-verdelandia","tag-vereador-de-verdelandia-atira-em-jovem"],"_links":{"self":[{"href":"https:\/\/aconteceunovale.com.br\/portal\/index.php?rest_route=\/wp\/v2\/posts\/51460","targetHints":{"allow":["GET"]}}],"collection":[{"href":"https:\/\/aconteceunovale.com.br\/portal\/index.php?rest_route=\/wp\/v2\/posts"}],"about":[{"href":"https:\/\/aconteceunovale.com.br\/portal\/index.php?rest_route=\/wp\/v2\/types\/post"}],"author":[{"embeddable":true,"href":"https:\/\/aconteceunovale.com.br\/portal\/index.php?rest_route=\/wp\/v2\/users\/1"}],"replies":[{"embeddable":true,"href":"https:\/\/aconteceunovale.com.br\/portal\/index.php?rest_route=%2Fwp%2Fv2%2Fcomments&post=51460"}],"version-history":[{"count":0,"href":"https:\/\/aconteceunovale.com.br\/portal\/index.php?rest_route=\/wp\/v2\/posts\/51460\/revisions"}],"wp:featuredmedia":[{"embeddable":true,"href":"https:\/\/aconteceunovale.com.br\/portal\/index.php?rest_route=\/wp\/v2\/media\/51461"}],"wp:attachment":[{"href":"https:\/\/aconteceunovale.com.br\/portal\/index.php?rest_route=%2Fwp%2Fv2%2Fmedia&parent=51460"}],"wp:term":[{"taxonomy":"category","embeddable":true,"href":"https:\/\/aconteceunovale.com.br\/portal\/index.php?rest_route=%2Fwp%2Fv2%2Fcategories&post=51460"},{"taxonomy":"post_tag","embeddable":true,"href":"https:\/\/aconteceunovale.com.br\/portal\/index.php?rest_route=%2Fwp%2Fv2%2Ftags&post=51460"}],"curies":[{"name":"wp","href":"https:\/\/api.w.org\/{rel}","templated":true}]}}