{"id":51449,"date":"2015-01-31T20:29:53","date_gmt":"2015-01-31T23:29:53","guid":{"rendered":"http:\/\/aconteceunovale.com.br\/portal\/?p=51449"},"modified":"2015-01-31T20:29:53","modified_gmt":"2015-01-31T23:29:53","slug":"caminhoneiro-fica-preso-as-ferragens-apos-acidente-na-br-135-em-bocaiuva","status":"publish","type":"post","link":"https:\/\/aconteceunovale.com.br\/portal\/?p=51449","title":{"rendered":"Caminhoneiro fica preso \u00e0s ferragens ap\u00f3s acidente na BR-135 em Bocaiuva"},"content":{"rendered":"<h4><strong><em>Condutor foi resgatado e encaminhado para atendimento m\u00e9dico em um hospital de Montes Claros.<\/em><\/strong><\/h4>\n<p>Um motorista ficou ferido em um acidente envolvendo dois caminh\u00f5es na manh\u00e3 deste s\u00e1bado, 31 de janeiro, na BR-135, em Bocaiuva, no Norte do Estado de Minas Gerais. <\/p>\n<p>De acordo com a Pol\u00edcia Rodovi\u00e1ria Federal (PRF), o condutor de um dos ve\u00edculos teria batido na traseira de outro que estava parado \u00e0s margens da rodovia. Com o impacto da batida, o condutor ficou preso \u00e0s ferragens. Ele foi resgatado e encaminhado para atendimento m\u00e9dico em um hospital de Montes Claros.<\/p>\n<p><img decoding=\"async\" src=\"http:\/\/aconteceunovale.com.br\/portal\/wp-content\/uploads\/2015\/01\/acidente_caminhoes_135_31_1.jpeg\" alt=\"\" \/><em>Acidente aconteceu na BR-135, no munic\u00edpio de Bocaiuva &#8211; Foto: Pol\u00edcia Rodovi\u00e1ria Federal\/Divulga\u00e7\u00e3o<\/em><\/p>\n","protected":false},"excerpt":{"rendered":"<p>Condutor foi resgatado e encaminhado para atendimento m\u00e9dico em um hospital de Montes Claros. Um motorista ficou ferido em um acidente envolvendo dois caminh\u00f5es na manh\u00e3 deste s\u00e1bado, 31 de janeiro, na BR-135, em Bocaiuva, no Norte do Estado de Minas Gerais. De acordo com a Pol\u00edcia Rodovi\u00e1ria Federal (PRF), o condutor de um dos [&hellip;]<\/p>\n","protected":false},"author":1,"featured_media":51450,"comment_status":"open","ping_status":"closed","sticky":false,"template":"","format":"standard","meta":{"amp_status":"","footnotes":""},"categories":[1236],"tags":[18467,31913,645,31912,210],"class_list":["post-51449","post","type-post","status-publish","format-standard","has-post-thumbnail","hentry","category-norte_de_minas","tag-acidente-em-bocaiuva","tag-acidente-entre-caminhoes-na-br-135","tag-bocaiuva","tag-caminhoneiro-fica-preso-as-ferragens-apos-acidente-na-br-135-em-bocaiuva","tag-montes-claros"],"_links":{"self":[{"href":"https:\/\/aconteceunovale.com.br\/portal\/index.php?rest_route=\/wp\/v2\/posts\/51449","targetHints":{"allow":["GET"]}}],"collection":[{"href":"https:\/\/aconteceunovale.com.br\/portal\/index.php?rest_route=\/wp\/v2\/posts"}],"about":[{"href":"https:\/\/aconteceunovale.com.br\/portal\/index.php?rest_route=\/wp\/v2\/types\/post"}],"author":[{"embeddable":true,"href":"https:\/\/aconteceunovale.com.br\/portal\/index.php?rest_route=\/wp\/v2\/users\/1"}],"replies":[{"embeddable":true,"href":"https:\/\/aconteceunovale.com.br\/portal\/index.php?rest_route=%2Fwp%2Fv2%2Fcomments&post=51449"}],"version-history":[{"count":0,"href":"https:\/\/aconteceunovale.com.br\/portal\/index.php?rest_route=\/wp\/v2\/posts\/51449\/revisions"}],"wp:featuredmedia":[{"embeddable":true,"href":"https:\/\/aconteceunovale.com.br\/portal\/index.php?rest_route=\/wp\/v2\/media\/51450"}],"wp:attachment":[{"href":"https:\/\/aconteceunovale.com.br\/portal\/index.php?rest_route=%2Fwp%2Fv2%2Fmedia&parent=51449"}],"wp:term":[{"taxonomy":"category","embeddable":true,"href":"https:\/\/aconteceunovale.com.br\/portal\/index.php?rest_route=%2Fwp%2Fv2%2Fcategories&post=51449"},{"taxonomy":"post_tag","embeddable":true,"href":"https:\/\/aconteceunovale.com.br\/portal\/index.php?rest_route=%2Fwp%2Fv2%2Ftags&post=51449"}],"curies":[{"name":"wp","href":"https:\/\/api.w.org\/{rel}","templated":true}]}}