{"id":51415,"date":"2015-01-31T13:02:02","date_gmt":"2015-01-31T16:02:02","guid":{"rendered":"http:\/\/aconteceunovale.com.br\/portal\/?p=51415"},"modified":"2015-01-31T13:14:29","modified_gmt":"2015-01-31T16:14:29","slug":"roberto-carlos-fara-shows-em-governador-valadares-e-ipatinga","status":"publish","type":"post","link":"https:\/\/aconteceunovale.com.br\/portal\/?p=51415","title":{"rendered":"Roberto Carlos far\u00e1 shows em Governador Valadares e Ipatinga"},"content":{"rendered":"<h4><strong><em>O mito, a voz, o carisma, o amor e toda a emo\u00e7\u00e3o do Rei, no Leste de Minas<\/em><\/strong><\/h4>\n<p>[image src=&#8221;http:\/\/aconteceunovale.com.br\/portal\/wp-content\/uploads\/2015\/01\/rc_gv_ipa.jpg&#8221; width=&#8221;350&#8243; height=&#8221;350&#8243; lightbox=&#8221;yes&#8221; align=&#8221;left&#8221; float=&#8221;left&#8221;]Depois de uma longa turn\u00ea internacional, Roberto Carlos presentear\u00e1 os f\u00e3s do Leste de Minas Gerais, quando far\u00e1 duas apresenta\u00e7\u00f5es, no dia 19 de mar\u00e7o no Parque de Exposi\u00e7\u00f5es de Governador Valadares e no dia 21 na Usipa em Ipatinga. Artista que dispensa apresenta\u00e7\u00f5es, o \u00eddolo da can\u00e7\u00e3o latino-americana, exemplo vivo do sucesso mundial da m\u00fasica popular brasileira. Cantor que desperta todo o carinho, admira\u00e7\u00e3o e idolatria nos milh\u00f5es de f\u00e3s que o acompanham pelo Brasil e pelo mundo. Um \u00edcone da credibilidade, romantismo, da religiosidade e da fam\u00edlia. Roberto Carlos promete emocionar os f\u00e3s com mais um show impec\u00e1vel ao lado de sua orquestra e coral.<\/p>\n<p>Com 54 anos de carreira, mais de 100 milh\u00f5es de discos vendidos em todo o mundo, Roberto Carlos \u00e9 o artista n\u00famero um do Brasil e da Am\u00e9rica Latina. Cantor e compositor de mais de 500 m\u00fasicas, \u00eddolo da juventude e maior expoente do movimento denominado Jovem Guarda, na d\u00e9cada de 60, encontrou sua identidade nas can\u00e7\u00f5es rom\u00e2nticas e consolidou o sucesso na d\u00e9cada de 70. Desde a inoc\u00eancia e juventude demonstrada nas can\u00e7\u00f5es dos anos 60, passando por amores conturbados e o despertar da sensualidade na d\u00e9cada de 70, at\u00e9 amores intensos, arrebatadores e nem sempre felizes, cantados nos anos 80 e finalmente a descoberta do verdadeiro amor, do amor maduro, equilibrado e ainda assim cheio de paix\u00e3o presente nas can\u00e7\u00f5es das d\u00e9cadas de 90 e de 2000.<\/p>\n<p>Roberto Carlos \u00e9 o primeiro e \u00fanico artista no Brasil a gravar 1 disco por ano, durante toda a sua carreira, na maioria destes anos ele gravou um 2\u00ba disco em vers\u00e3o espanhol, e em outras oportunidades em ingl\u00eas, franc\u00eas e italiano. H\u00e1 37 anos consecutivos realiza um especial para a Rede Globo de Televis\u00e3o que \u00e9 exibido no final de ano em todo o pa\u00eds, com retransmiss\u00f5es para outros pa\u00edses atrav\u00e9s da Globo Internacional, elevando sua audi\u00eancia para milh\u00f5es de telespectadores. Em 1997 Roberto Carlos cantou para o Papa Jo\u00e3o Paulo II e no ano seguinte com o tenor Luciano Pavarotti num concerto para mais de 50 mil pessoas.<\/p>\n<p>A admira\u00e7\u00e3o pelo cantor rendeu uma homenagem no carnaval 2011. A escola de samba Beija-Flor foi a campe\u00e3 do carnaval carioca com o enredo &#8220;A simplicidade de um rei&#8221;. A azul e branco contou com todo o carisma de Roberto Carlos, que saiu no \u00faltimo carro aleg\u00f3rico e levou a Marqu\u00eas de Sapuca\u00ed ao del\u00edrio.<\/p>\n<p><img decoding=\"async\" src=\"http:\/\/aconteceunovale.com.br\/portal\/wp-content\/uploads\/2015\/01\/rc_ipa_gv_1.jpg\" alt=\"\" \/><em>Roberto Carlos se apresentar\u00e1 em Ipatinga e Governador Valadares &#8211; Foto: Divulga\u00e7\u00e3o<\/em><br \/>\n<\/br><\/p>\n<h4>Servi\u00e7o<\/h4>\n<p><strong>Governador Valadares<\/strong><\/p>\n<p>Data: 19 de Mar\u00e7o de 2015<br \/>\nLocal: Uni\u00e3o Ruralista Rio Doce &#8211; Parque de Exposi\u00e7\u00f5es \/ Rua Jo\u00e3o Dias Duarte, 1.450, Bairro S\u00e3o Paulo<br \/>\nHor\u00e1rio: 21 horas<br \/>\nIngressos:<br \/>\n&#8211; PR\u00c9 VENDA CREDICARD: De 06 a 10 de fevereiro &#8211; exclusivamente para clientes Credicard e portadores de cart\u00f5es Credicard, e Dinners (m\u00e1ximo de 4 ingressos por cart\u00e3o)<br \/>\n&#8211; VENDA ESPECIAL MILHAS SMILES: Dia 11 de fevereiro<br \/>\n&#8211; VENDAS GERAL: A partir do dia 12 de fevereiro<br \/>\n&#8211; INGRESSO R\u00c1PIDO: Pelo telefone: 4003.1212 ou Pela internet: <a href=\"http:\/\/www.ingressorapido.com.br\" target=\"_blank\">www.ingressorapido.com.br<\/a><\/p>\n<p><strong>Ipatinga<\/strong><\/p>\n<p>Data: 21 de Mar\u00e7o de 2015<br \/>\nLocal: Clube USIPA \/ Av. Jo\u00e3o Cl\u00e1udio Teixeira Sales, 801 &#8211; Horto<br \/>\nHor\u00e1rio: 21 horas<br \/>\nIngressos:<br \/>\n&#8211; PR\u00c9 VENDA CREDICARD: De 06 a 10 de fevereiro &#8211; exclusivamente para clientes Credicard e portadores de cart\u00f5es Credicard, e Dinners (m\u00e1ximo de 4 ingressos por cart\u00e3o)<br \/>\n&#8211; VENDA ESPECIAL MILHAS SMILES: Dia 11 de fevereiro<br \/>\n&#8211; VENDAS GERAL: A partir do dia 12 de fevereiro<br \/>\n&#8211; INGRESSO R\u00c1PIDO: Pelo telefone: 4003.1212 ou Pela internet: <a href=\"http:\/\/www.ingressorapido.com.br\" target=\"_blank\">www.ingressorapido.com.br<\/a><\/p>\n","protected":false},"excerpt":{"rendered":"<p>O mito, a voz, o carisma, o amor e toda a emo\u00e7\u00e3o do Rei, no Leste de Minas [image src=&#8221;http:\/\/aconteceunovale.com.br\/portal\/wp-content\/uploads\/2015\/01\/rc_gv_ipa.jpg&#8221; width=&#8221;350&#8243; height=&#8221;350&#8243; lightbox=&#8221;yes&#8221; align=&#8221;left&#8221; float=&#8221;left&#8221;]Depois de uma longa turn\u00ea internacional, Roberto Carlos presentear\u00e1 os f\u00e3s do Leste de Minas Gerais, quando far\u00e1 duas apresenta\u00e7\u00f5es, no dia 19 de mar\u00e7o no Parque de Exposi\u00e7\u00f5es de Governador [&hellip;]<\/p>\n","protected":false},"author":1,"featured_media":51417,"comment_status":"open","ping_status":"closed","sticky":false,"template":"","format":"standard","meta":{"amp_status":"","footnotes":""},"categories":[125],"tags":[1018,247,201,14180,31863,31861,31867,31864,31862,31865,31866],"class_list":["post-51415","post","type-post","status-publish","format-standard","has-post-thumbnail","hentry","category-noticias","tag-destaque","tag-governador-valadares","tag-ipatinga","tag-roberto-carlos","tag-roberto-carlos-em-governador-valadares","tag-roberto-carlos-em-ipatinga","tag-roberto-carlos-fara-shows-em-governador-valadares-e-ipatinga","tag-show-do-roberto-carlos-em-governador-valadares","tag-show-do-roberto-carlos-em-ipatinga","tag-show-do-roberto-carlos-na-usipa-em-ipatinga","tag-show-do-roberto-carlos-no-parque-de-exposicoes-de-governador-valadares"],"_links":{"self":[{"href":"https:\/\/aconteceunovale.com.br\/portal\/index.php?rest_route=\/wp\/v2\/posts\/51415","targetHints":{"allow":["GET"]}}],"collection":[{"href":"https:\/\/aconteceunovale.com.br\/portal\/index.php?rest_route=\/wp\/v2\/posts"}],"about":[{"href":"https:\/\/aconteceunovale.com.br\/portal\/index.php?rest_route=\/wp\/v2\/types\/post"}],"author":[{"embeddable":true,"href":"https:\/\/aconteceunovale.com.br\/portal\/index.php?rest_route=\/wp\/v2\/users\/1"}],"replies":[{"embeddable":true,"href":"https:\/\/aconteceunovale.com.br\/portal\/index.php?rest_route=%2Fwp%2Fv2%2Fcomments&post=51415"}],"version-history":[{"count":0,"href":"https:\/\/aconteceunovale.com.br\/portal\/index.php?rest_route=\/wp\/v2\/posts\/51415\/revisions"}],"wp:featuredmedia":[{"embeddable":true,"href":"https:\/\/aconteceunovale.com.br\/portal\/index.php?rest_route=\/wp\/v2\/media\/51417"}],"wp:attachment":[{"href":"https:\/\/aconteceunovale.com.br\/portal\/index.php?rest_route=%2Fwp%2Fv2%2Fmedia&parent=51415"}],"wp:term":[{"taxonomy":"category","embeddable":true,"href":"https:\/\/aconteceunovale.com.br\/portal\/index.php?rest_route=%2Fwp%2Fv2%2Fcategories&post=51415"},{"taxonomy":"post_tag","embeddable":true,"href":"https:\/\/aconteceunovale.com.br\/portal\/index.php?rest_route=%2Fwp%2Fv2%2Ftags&post=51415"}],"curies":[{"name":"wp","href":"https:\/\/api.w.org\/{rel}","templated":true}]}}