{"id":51400,"date":"2015-01-30T22:21:14","date_gmt":"2015-01-31T01:21:14","guid":{"rendered":"http:\/\/aconteceunovale.com.br\/portal\/?p=51400"},"modified":"2015-01-30T22:22:14","modified_gmt":"2015-01-31T01:22:14","slug":"policia-tenta-encontrar-armas-roubadas-do-forum-de-salinas","status":"publish","type":"post","link":"https:\/\/aconteceunovale.com.br\/portal\/?p=51400","title":{"rendered":"Pol\u00edcia tenta encontrar armas furtadas no F\u00f3rum de Salinas"},"content":{"rendered":"<h4><strong><em>Entre o armamento levado est\u00e3o expingardas calibre 12 e uma submetralhadora Uzi. O vigilante Lucas Alves Cascique, respons\u00e1vel pelo roubo, e outros tr\u00eas receptadores acabaram presos.<\/em><\/strong><\/h4>\n<p>A Pol\u00edcia Civil de Salinas, na Regi\u00e3o Norte de Minas Gerais, tenta encontrar as 90 armas levadas do F\u00f3rum da cidade. Os roubos aconteceram nos \u00faltimos dois anos. Entre o armamento levado est\u00e3o espingardas calibre 12 e uma submetralhadora Uzi. O vigilante Lucas Alves Cascique, respons\u00e1vel pelo roubo, e outros tr\u00eas receptadores acabaram presos. O delegado Jos\u00e9 Eduardo dos Santos, respons\u00e1vel pelo caso, j\u00e1 tem em m\u00e3os mandados de busca e apreens\u00e3o para tentar chegar at\u00e9 o arsenal. <\/p>\n<p><img decoding=\"async\" src=\"http:\/\/aconteceunovale.com.br\/portal\/wp-content\/uploads\/2015\/01\/delegado_salinas.jpg\" alt=\"\" \/><em>Delegado Jos\u00e9 Eduardo dos Santos, respons\u00e1vel pelo caso &#8211; Foto: Reprodu\u00e7\u00e3o<\/em><br \/>\n<\/br><\/p>\n<p>A a\u00e7\u00e3o ainda n\u00e3o tem data para acontecer. Para o delegado, o encontro das armas ser\u00e1 dif\u00edcil. \u201cComo a a\u00e7\u00e3o durou praticamente dois anos, \u00e9 dif\u00edcil localizar. A situa\u00e7\u00e3o das armas ilegais \u00e9 muito dif\u00edcil, pois passam de m\u00e3os em m\u00e3os. Temos at\u00e9 informa\u00e7\u00f5es de que algumas podem estar na regi\u00e3o, mas ainda n\u00e3o temos previs\u00e3o para o cumprimento dos mandados\u201d, comentou Santos. <\/p>\n<p>As investiga\u00e7\u00f5es sobre os roubos das armas come\u00e7aram h\u00e1 quatro meses. A ju\u00edza titular do f\u00f3rum acionou a pol\u00edcia depois que notou o sumi\u00e7o de armas na sala onde era guardado os armamentos apreendidos. A Per\u00edcia Cient\u00edfica e o Instituto de Identifica\u00e7\u00e3o conseguiu identificar o suspeito atrav\u00e9s das impress\u00f5es digitais dos empregados. <\/p>\n<p>De acordo com o delegado, Lucas Cascique aproveitava do acesso autorizado ao local para fazer os roubos. \u201cElas ficavam em um arm\u00e1rio que o vigia tinha acesso. Ele se valeu dessa fun\u00e7\u00e3o que exercia e retirava as armas que eram escondidas dentro de suas roupas\u201d, explica Santos. Conforme as investiga\u00e7\u00f5es, o funcion\u00e1rio deixava o f\u00f3rum e encontrava com os receptadores em uma pracinha h\u00e1 tr\u00eas quarteir\u00f5es do im\u00f3vel. <\/p>\n<p>Nessa ter\u00e7a-feira, em posse de mandados de pris\u00e3o, a pol\u00edcia conseguiu prender o vigia e os tr\u00eas receptadores. Jos\u00e9 Sales de Lima, Wilson de Souza Carvalho e Farley Ferreira de Almeida, foram encontrados em Ara\u00e7ua\u00ed. \u201cAo todo, eram cinco pessoas envolvidas com o roubo. Mas, o idealizador da a\u00e7\u00e3o, que era um ex-traficante de armas, foi morto por um rival\u201d, afirma. <\/p>\n<p>Ao todo, 90 armas foram levadas do f\u00f3rum. Entre elas, armamentos calibre 22, 32, 38, .40, 9 mil\u00edmetros, espingardas calibre 12 e uma submetralhadora. Nenhuma foi encontrada.<\/p>\n<p><strong><em>(Estado de Minas)<\/em><\/strong><\/p>\n","protected":false},"excerpt":{"rendered":"<p>Entre o armamento levado est\u00e3o expingardas calibre 12 e uma submetralhadora Uzi. O vigilante Lucas Alves Cascique, respons\u00e1vel pelo roubo, e outros tr\u00eas receptadores acabaram presos. A Pol\u00edcia Civil de Salinas, na Regi\u00e3o Norte de Minas Gerais, tenta encontrar as 90 armas levadas do F\u00f3rum da cidade. Os roubos aconteceram nos \u00faltimos dois anos. Entre [&hellip;]<\/p>\n","protected":false},"author":1,"featured_media":51237,"comment_status":"open","ping_status":"closed","sticky":false,"template":"","format":"standard","meta":{"amp_status":"","footnotes":""},"categories":[1236],"tags":[186,31838,31684,31606,31839,31682,31681,31840,31841,31837,31683],"class_list":["post-51400","post","type-post","status-publish","format-standard","has-post-thumbnail","hentry","category-norte_de_minas","tag-aracuai","tag-armas-roubadas-do-forum-de-salinas","tag-farley-ferreira-de-almeida","tag-forum-de-salinas","tag-jose-eduardo-dos-santos","tag-jose-sales-de-lima","tag-lucas-alves-cascique","tag-policia-tenta-encontrar-armas-furtadas-do-forum-de-salinas","tag-policia-tenta-encontrar-armas-furtadas-no-forum-de-salinas","tag-policia-tenta-encontrar-armas-roubadas-do-forum-de-salinas","tag-wilson-de-souza-carvalho"],"_links":{"self":[{"href":"https:\/\/aconteceunovale.com.br\/portal\/index.php?rest_route=\/wp\/v2\/posts\/51400","targetHints":{"allow":["GET"]}}],"collection":[{"href":"https:\/\/aconteceunovale.com.br\/portal\/index.php?rest_route=\/wp\/v2\/posts"}],"about":[{"href":"https:\/\/aconteceunovale.com.br\/portal\/index.php?rest_route=\/wp\/v2\/types\/post"}],"author":[{"embeddable":true,"href":"https:\/\/aconteceunovale.com.br\/portal\/index.php?rest_route=\/wp\/v2\/users\/1"}],"replies":[{"embeddable":true,"href":"https:\/\/aconteceunovale.com.br\/portal\/index.php?rest_route=%2Fwp%2Fv2%2Fcomments&post=51400"}],"version-history":[{"count":0,"href":"https:\/\/aconteceunovale.com.br\/portal\/index.php?rest_route=\/wp\/v2\/posts\/51400\/revisions"}],"wp:featuredmedia":[{"embeddable":true,"href":"https:\/\/aconteceunovale.com.br\/portal\/index.php?rest_route=\/wp\/v2\/media\/51237"}],"wp:attachment":[{"href":"https:\/\/aconteceunovale.com.br\/portal\/index.php?rest_route=%2Fwp%2Fv2%2Fmedia&parent=51400"}],"wp:term":[{"taxonomy":"category","embeddable":true,"href":"https:\/\/aconteceunovale.com.br\/portal\/index.php?rest_route=%2Fwp%2Fv2%2Fcategories&post=51400"},{"taxonomy":"post_tag","embeddable":true,"href":"https:\/\/aconteceunovale.com.br\/portal\/index.php?rest_route=%2Fwp%2Fv2%2Ftags&post=51400"}],"curies":[{"name":"wp","href":"https:\/\/api.w.org\/{rel}","templated":true}]}}