{"id":51385,"date":"2015-01-30T20:56:40","date_gmt":"2015-01-30T23:56:40","guid":{"rendered":"http:\/\/aconteceunovale.com.br\/portal\/?p=51385"},"modified":"2015-01-30T20:58:31","modified_gmt":"2015-01-30T23:58:31","slug":"homem-e-condenado-por-crimes-contra-a-mata-atlantica-no-vale-do-jequitinhonha","status":"publish","type":"post","link":"https:\/\/aconteceunovale.com.br\/portal\/?p=51385","title":{"rendered":"Homem \u00e9 condenado por crimes contra a Mata Atl\u00e2ntica nos Vales do Jequitinhonha e Mucuri"},"content":{"rendered":"<h4><strong><em>R\u00e9u \u00e9 considerado um dos maiores articuladores de crimes ambientais no nordeste do estado, diz justi\u00e7a.<\/em><\/strong><\/h4>\n<p>A Justi\u00e7a de Novo Cruzeiro julgou parcialmente procedente a den\u00fancia ofertada pelo Minist\u00e9rio P\u00fablico de Minas Gerais (MPMG) e condenou um homem, considerado um dos maiores articuladores de crimes ambientais no nordeste do estado, a cumprir a pena de seis anos, cinco meses e 17 dias de restri\u00e7\u00e3o de liberdade, al\u00e9m do pagamento de multa. <\/p>\n<p>O acusado foi denunciado pela pr\u00e1tica de in\u00fameros crimes ambientais, entre os quais a supress\u00e3o de mais de 100 hectares de vegeta\u00e7\u00e3o em est\u00e1gios m\u00e9dio e avan\u00e7ado de regenera\u00e7\u00e3o do bioma Mata Atl\u00e2ntica, a realiza\u00e7\u00e3o de inc\u00eandio em mata ou floresta, guarda e dep\u00f3sito de carv\u00e3o proveniente de floresta nativa sem a documenta\u00e7\u00e3o ambiental autorizativa e uso de motosserra em florestas sem licen\u00e7a ou registro da autoridade competente. <\/p>\n<p>O Poder Judici\u00e1rio entendeu que o r\u00e9u praticou as condutas previstas nos artigos 38-A caput, 41 caput, 46 par\u00e1grafo \u00fanico e 51, todos da Lei n.\u00ba 9.606\/98. Ele respondeu o processo preso, ap\u00f3s a decreta\u00e7\u00e3o da pris\u00e3o provis\u00f3ria a pedido do MPMG.<\/p>\n<p>A den\u00fancia foi oferecida pela promotora de Justi\u00e7a de Novo Cruzeiro, Roziana Gon\u00e7alves Camilo Lemos, em conjunto com o coordenador regional das Promotorias de Justi\u00e7a de Meio Ambiente das Bacias dos Rios Jequitinhonha e Mucuri, Felipe Faria de Oliveira.<\/p>\n<p>Segundo Roziana Lemos, \u201cessa condena\u00e7\u00e3o \u00e9 extremamente representativa para a regi\u00e3o. O r\u00e9u, agora condenado, \u00e9 apontado como o um dos principais articuladores de crimes contra a Mata Atl\u00e2ntica, recaindo sobre ele at\u00e9 mesmo a suspeita de pr\u00e1tica de amea\u00e7as contra agentes de fiscaliza\u00e7\u00e3o de \u00f3rg\u00e3os ambientais. Este \u00e9 mais um exemplo de que crimes ambientais acarretam efetiva restri\u00e7\u00e3o de liberdade aos agentes delitivos, e n\u00e3o somente penas alternativas ou restritivas de direitos.&#8221;<\/p>\n<p>O estado de Minas Gerais, h\u00e1 cinco anos, lidera o ranking de desmatamento de Mata Atl\u00e2ntica, sendo que a regi\u00e3o do Mucuri, onde se encontra a comarca de Novo Cruzeiro, \u00e9 um dos locais mais cr\u00edticos.<\/p>\n<p><em>(Fonte: MPMG \/ Coordenadoria Regional de Meio Ambiente das Bacias dos Rios Jequitinhonha e Mucuri)<\/em><\/p>\n","protected":false},"excerpt":{"rendered":"<p>R\u00e9u \u00e9 considerado um dos maiores articuladores de crimes ambientais no nordeste do estado, diz justi\u00e7a. A Justi\u00e7a de Novo Cruzeiro julgou parcialmente procedente a den\u00fancia ofertada pelo Minist\u00e9rio P\u00fablico de Minas Gerais (MPMG) e condenou um homem, considerado um dos maiores articuladores de crimes ambientais no nordeste do estado, a cumprir a pena de [&hellip;]<\/p>\n","protected":false},"author":1,"featured_media":27295,"comment_status":"open","ping_status":"closed","sticky":false,"template":"","format":"standard","meta":{"amp_status":"","footnotes":""},"categories":[120],"tags":[27279,31814,31813,31816,175,31815],"class_list":["post-51385","post","type-post","status-publish","format-standard","has-post-thumbnail","hentry","category-jequi","tag-felipe-faria-de-oliveira","tag-homem-e-condenado-por-crimes-contra-a-mata-atlantica-no-nordeste-de-minas","tag-homem-e-condenado-por-crimes-contra-a-mata-atlantica-no-vale-do-jequitinhonha","tag-homem-e-condenado-por-crimes-contra-a-mata-atlantica-nos-vales-do-jequitinhonha-e-mucuri","tag-novo-cruzeiro","tag-roziana-goncalves-camilo-lemos"],"_links":{"self":[{"href":"https:\/\/aconteceunovale.com.br\/portal\/index.php?rest_route=\/wp\/v2\/posts\/51385","targetHints":{"allow":["GET"]}}],"collection":[{"href":"https:\/\/aconteceunovale.com.br\/portal\/index.php?rest_route=\/wp\/v2\/posts"}],"about":[{"href":"https:\/\/aconteceunovale.com.br\/portal\/index.php?rest_route=\/wp\/v2\/types\/post"}],"author":[{"embeddable":true,"href":"https:\/\/aconteceunovale.com.br\/portal\/index.php?rest_route=\/wp\/v2\/users\/1"}],"replies":[{"embeddable":true,"href":"https:\/\/aconteceunovale.com.br\/portal\/index.php?rest_route=%2Fwp%2Fv2%2Fcomments&post=51385"}],"version-history":[{"count":0,"href":"https:\/\/aconteceunovale.com.br\/portal\/index.php?rest_route=\/wp\/v2\/posts\/51385\/revisions"}],"wp:featuredmedia":[{"embeddable":true,"href":"https:\/\/aconteceunovale.com.br\/portal\/index.php?rest_route=\/wp\/v2\/media\/27295"}],"wp:attachment":[{"href":"https:\/\/aconteceunovale.com.br\/portal\/index.php?rest_route=%2Fwp%2Fv2%2Fmedia&parent=51385"}],"wp:term":[{"taxonomy":"category","embeddable":true,"href":"https:\/\/aconteceunovale.com.br\/portal\/index.php?rest_route=%2Fwp%2Fv2%2Fcategories&post=51385"},{"taxonomy":"post_tag","embeddable":true,"href":"https:\/\/aconteceunovale.com.br\/portal\/index.php?rest_route=%2Fwp%2Fv2%2Ftags&post=51385"}],"curies":[{"name":"wp","href":"https:\/\/api.w.org\/{rel}","templated":true}]}}