{"id":51379,"date":"2015-01-30T20:31:10","date_gmt":"2015-01-30T23:31:10","guid":{"rendered":"http:\/\/aconteceunovale.com.br\/portal\/?p=51379"},"modified":"2015-01-30T20:40:19","modified_gmt":"2015-01-30T23:40:19","slug":"colisao-entre-van-e-caminhao-deixa-19-pessoas-feridas-no-norte-de-minas","status":"publish","type":"post","link":"https:\/\/aconteceunovale.com.br\/portal\/?p=51379","title":{"rendered":"Colis\u00e3o entre van e caminh\u00e3o deixa 19 pessoas feridas no Norte de Minas"},"content":{"rendered":"<h4><strong><em>V\u00edtimas tiveram ferimentos leves. Acidente aconteceu pr\u00f3ximo a Francisco S\u00e1.<\/em><\/strong><\/h4>\n<p>Um acidente entre um caminh\u00e3o e uma van deixou 19 pessoas feridas, na tarde sexta-feira, 30 de janeiro, na altura do quil\u00f4metro 447 da BR-251, pr\u00f3ximo a Francisco S\u00e1, no Norte de Minas. Segundo o Servi\u00e7o de Atendimento M\u00f3vel Urg\u00eancia (Samu), as v\u00edtimas tiveram escoria\u00e7\u00f5es leves, sendo que oito delas s\u00e3o crian\u00e7as. <\/p>\n<p>Conforme o Samu, o atendimento dos feridos foi feito em um posto de combust\u00edvel, pr\u00f3ximo ao local do acidente. De acordo com a corpora\u00e7\u00e3o, n\u00e3o foi preciso encaminhar nenhuma das v\u00edtimas para uma unidade hospitalar. <\/p>\n<p>A van com placas de Arapiraca (AL) seguia de Salvador para S\u00e3o Paulo. O Samu informou ainda que os ve\u00edculos j\u00e1 foram removidos da rodovia.<\/p>\n","protected":false},"excerpt":{"rendered":"<p>V\u00edtimas tiveram ferimentos leves. Acidente aconteceu pr\u00f3ximo a Francisco S\u00e1. Um acidente entre um caminh\u00e3o e uma van deixou 19 pessoas feridas, na tarde sexta-feira, 30 de janeiro, na altura do quil\u00f4metro 447 da BR-251, pr\u00f3ximo a Francisco S\u00e1, no Norte de Minas. Segundo o Servi\u00e7o de Atendimento M\u00f3vel Urg\u00eancia (Samu), as v\u00edtimas tiveram escoria\u00e7\u00f5es [&hellip;]<\/p>\n","protected":false},"author":1,"featured_media":47835,"comment_status":"open","ping_status":"closed","sticky":false,"template":"","format":"standard","meta":{"amp_status":"","footnotes":""},"categories":[1236],"tags":[31812,31811,31808,31807,31809,31810,20798,1395],"class_list":["post-51379","post","type-post","status-publish","format-standard","has-post-thumbnail","hentry","category-norte_de_minas","tag-acidente-com-van-de-arapiraca","tag-acidente-com-van-de-salvador","tag-acidente-com-van-em-minas-gerais","tag-acidente-com-van-na-br-251","tag-acidente-com-van-no-norte-de-minas","tag-acidente-com-van-que-seguia-de-salvador-para-sao-pauloa","tag-arapiraca","tag-francisco-sa"],"_links":{"self":[{"href":"https:\/\/aconteceunovale.com.br\/portal\/index.php?rest_route=\/wp\/v2\/posts\/51379","targetHints":{"allow":["GET"]}}],"collection":[{"href":"https:\/\/aconteceunovale.com.br\/portal\/index.php?rest_route=\/wp\/v2\/posts"}],"about":[{"href":"https:\/\/aconteceunovale.com.br\/portal\/index.php?rest_route=\/wp\/v2\/types\/post"}],"author":[{"embeddable":true,"href":"https:\/\/aconteceunovale.com.br\/portal\/index.php?rest_route=\/wp\/v2\/users\/1"}],"replies":[{"embeddable":true,"href":"https:\/\/aconteceunovale.com.br\/portal\/index.php?rest_route=%2Fwp%2Fv2%2Fcomments&post=51379"}],"version-history":[{"count":0,"href":"https:\/\/aconteceunovale.com.br\/portal\/index.php?rest_route=\/wp\/v2\/posts\/51379\/revisions"}],"wp:featuredmedia":[{"embeddable":true,"href":"https:\/\/aconteceunovale.com.br\/portal\/index.php?rest_route=\/wp\/v2\/media\/47835"}],"wp:attachment":[{"href":"https:\/\/aconteceunovale.com.br\/portal\/index.php?rest_route=%2Fwp%2Fv2%2Fmedia&parent=51379"}],"wp:term":[{"taxonomy":"category","embeddable":true,"href":"https:\/\/aconteceunovale.com.br\/portal\/index.php?rest_route=%2Fwp%2Fv2%2Fcategories&post=51379"},{"taxonomy":"post_tag","embeddable":true,"href":"https:\/\/aconteceunovale.com.br\/portal\/index.php?rest_route=%2Fwp%2Fv2%2Ftags&post=51379"}],"curies":[{"name":"wp","href":"https:\/\/api.w.org\/{rel}","templated":true}]}}