{"id":51373,"date":"2015-01-30T20:14:02","date_gmt":"2015-01-30T23:14:02","guid":{"rendered":"http:\/\/aconteceunovale.com.br\/portal\/?p=51373"},"modified":"2015-01-30T20:14:38","modified_gmt":"2015-01-30T23:14:38","slug":"policia-rodoviaria-reforca-o-alerta-nas-estradas-de-minas","status":"publish","type":"post","link":"https:\/\/aconteceunovale.com.br\/portal\/?p=51373","title":{"rendered":"Pol\u00edcia Rodovi\u00e1ria refor\u00e7a o alerta nas estradas de Minas"},"content":{"rendered":"<h4><strong><em>\u00daltimo fim de semana das f\u00e9rias escolares ter\u00e1 mais policiais e baf\u00f4metros. Possibilidade de chuva requer aten\u00e7\u00e3o redobrada.<\/em><\/strong><\/h4>\n<p>Termina no pr\u00f3ximo domingo a opera\u00e7\u00e3o \u201cF\u00e9rias Segura\u201d, promovida pela Policia Militar Rodovi\u00e1ria (PMR\/MG). A expectativa \u00e9 a de que as estradas mineiras estejam cheias neste \u00faltimo fim de semana de f\u00e9rias escolares. O policiamento foi refor\u00e7ado em pontos cr\u00edticos dos trechos que d\u00e3o acesso a Belo Horizonte.<\/p>\n<p>Al\u00e9m do grande fluxo de ve\u00edculos, a possibilidade de chuvas pode surpreender os motoristas. Por isso, \u00e9 sempre bom estar com a revis\u00e3o do ve\u00edculo em dia, consultar a previs\u00e3o do tempo e ainda checar a situa\u00e7\u00e3o atual do trajeto escolhido. \u00c9 o que recomenda o coordenador do Batalh\u00e3o de Pol\u00edcia Rodovi\u00e1ria, tenente-coronel C\u00e1ssio Eduardo Fernandes, que cuida das rodovias estaduais da Regi\u00e3o Metropolitana de Belo Horizonte.<\/p>\n<p>Fernandes explica que s\u00f3 no m\u00eas de janeiro h\u00e1 um aumento de 35% no fluxo de tr\u00e2nsito nas estradas da regi\u00e3o. Desde o dia 5 de janeiro, a PMR aumentou 40 policiais nos tr\u00eas pontos cr\u00edticos que d\u00e3o acesso \u00e0 capital: MG 365, Anel Rodovi\u00e1rio e MG 10.<\/p>\n<p>Al\u00e9m do efetivo refor\u00e7ado, 15 baf\u00f4metros estar\u00e3o ativos. O n\u00famero de mortes em janeiro de 2014, nas estradas da Regi\u00e3o Metropolitana, dobrou em rela\u00e7\u00e3o ao ano anterior.  Foram dez v\u00edtimas no ano passado e cinco em 2013. \u201cNosso objetivo \u00e9 sempre preservar vidas. Por isso, \u00e9 importante que cada um fa\u00e7a a sua parte, dirigindo com seguran\u00e7a\u201d, refor\u00e7a o tenente-coronel.<\/p>\n<h4>No Estado<\/h4>\n<p>A Pol\u00edcia Rodovi\u00e1ria Federal (PRF)  tamb\u00e9m estar\u00e1 de prontid\u00e3o neste fim de semana. A opera\u00e7\u00e3o Rodovida mant\u00e9m 140 baf\u00f4metros, 22 radares e todo o efetivo de policiais nas estradas federais que cortam o Estado.<\/p>\n<p>O balan\u00e7o de acidentes da PRF ser\u00e1 divulgado depois do Carnaval, quando termina a opera\u00e7\u00e3o.  \u201cO condutor deve ter aten\u00e7\u00e3o em toda a estrada e n\u00e3o apenas nos trechos j\u00e1 conhecidos como mais cr\u00edticos\u201d, alerta o assessor de imprensa da PRF, Aristides Junior.  <\/p>\n<p>Para saber mais sobre as rodovias estaduais acesse <a href=\"http:\/\/www.der.mg.gov.br\/lista-de-servicos\/37-rodovias-com-restricao-de-trafego\" target=\"_blank\">p\u00e1gina no DER<\/a>. Veja as dicas para fazer uma viagem segura: <\/p>\n<p><img decoding=\"async\" src=\"http:\/\/aconteceunovale.com.br\/portal\/wp-content\/uploads\/2015\/01\/dicas_estradas_mg.jpg\" alt=\"\" \/><br \/>\n<\/br><\/p>\n<p><strong><em>(Ag\u00eancia Minas)<\/em><\/strong><\/p>\n","protected":false},"excerpt":{"rendered":"<p>\u00daltimo fim de semana das f\u00e9rias escolares ter\u00e1 mais policiais e baf\u00f4metros. Possibilidade de chuva requer aten\u00e7\u00e3o redobrada. Termina no pr\u00f3ximo domingo a opera\u00e7\u00e3o \u201cF\u00e9rias Segura\u201d, promovida pela Policia Militar Rodovi\u00e1ria (PMR\/MG). A expectativa \u00e9 a de que as estradas mineiras estejam cheias neste \u00faltimo fim de semana de f\u00e9rias escolares. O policiamento foi refor\u00e7ado [&hellip;]<\/p>\n","protected":false},"author":1,"featured_media":51376,"comment_status":"open","ping_status":"closed","sticky":false,"template":"","format":"standard","meta":{"amp_status":"","footnotes":""},"categories":[123],"tags":[6802,31804,31803,31802,31805,31806],"class_list":["post-51373","post","type-post","status-publish","format-standard","has-post-thumbnail","hentry","category-gerais","tag-acidentes-em-minas-gerais","tag-operacao-ferias-segura","tag-policia-militar-rodoviaria","tag-policia-rodoviaria-reforca-o-alerta-nas-estradas-de-minas","tag-prevencao-de-acidentes-em-minas-gerais","tag-rodovias-de-minas-gerais"],"_links":{"self":[{"href":"https:\/\/aconteceunovale.com.br\/portal\/index.php?rest_route=\/wp\/v2\/posts\/51373","targetHints":{"allow":["GET"]}}],"collection":[{"href":"https:\/\/aconteceunovale.com.br\/portal\/index.php?rest_route=\/wp\/v2\/posts"}],"about":[{"href":"https:\/\/aconteceunovale.com.br\/portal\/index.php?rest_route=\/wp\/v2\/types\/post"}],"author":[{"embeddable":true,"href":"https:\/\/aconteceunovale.com.br\/portal\/index.php?rest_route=\/wp\/v2\/users\/1"}],"replies":[{"embeddable":true,"href":"https:\/\/aconteceunovale.com.br\/portal\/index.php?rest_route=%2Fwp%2Fv2%2Fcomments&post=51373"}],"version-history":[{"count":0,"href":"https:\/\/aconteceunovale.com.br\/portal\/index.php?rest_route=\/wp\/v2\/posts\/51373\/revisions"}],"wp:featuredmedia":[{"embeddable":true,"href":"https:\/\/aconteceunovale.com.br\/portal\/index.php?rest_route=\/wp\/v2\/media\/51376"}],"wp:attachment":[{"href":"https:\/\/aconteceunovale.com.br\/portal\/index.php?rest_route=%2Fwp%2Fv2%2Fmedia&parent=51373"}],"wp:term":[{"taxonomy":"category","embeddable":true,"href":"https:\/\/aconteceunovale.com.br\/portal\/index.php?rest_route=%2Fwp%2Fv2%2Fcategories&post=51373"},{"taxonomy":"post_tag","embeddable":true,"href":"https:\/\/aconteceunovale.com.br\/portal\/index.php?rest_route=%2Fwp%2Fv2%2Ftags&post=51373"}],"curies":[{"name":"wp","href":"https:\/\/api.w.org\/{rel}","templated":true}]}}