{"id":51369,"date":"2015-01-30T20:07:28","date_gmt":"2015-01-30T23:07:28","guid":{"rendered":"http:\/\/aconteceunovale.com.br\/portal\/?p=51369"},"modified":"2015-01-30T20:07:28","modified_gmt":"2015-01-30T23:07:28","slug":"servico-de-atendimento-movel-de-urgencia-do-sul-de-minas-beneficiara-153-municipios","status":"publish","type":"post","link":"https:\/\/aconteceunovale.com.br\/portal\/?p=51369","title":{"rendered":"Servi\u00e7o de Atendimento M\u00f3vel de Urg\u00eancia do Sul de Minas beneficiar\u00e1 153 munic\u00edpios"},"content":{"rendered":"<h4><strong><em>Samu Macro Sul vai proporcionar aos 2,7 milh\u00f5es de habitantes da regi\u00e3o melhor acesso \u00e0 sa\u00fade e come\u00e7a a atender neste s\u00e1bado (31\/01).<\/em><\/strong><\/h4>\n<p>O governador de Minas Gerais, Fernando Pimentel, e o ministro da Sa\u00fade, Arthur Chioro, inauguraram, nesta sexta-feira (30\/01), em Varginha, no Sul de Minas, o complexo do Servi\u00e7o de Atendimento M\u00f3vel de Urg\u00eancia (Samu-192) da Macro Sul. A iniciativa \u00e9 fruto da parceria dos governos federal, estadual e municipais para oferecer atendimento \u00e0 popula\u00e7\u00e3o nos casos de urg\u00eancia e emerg\u00eancia.<\/p>\n<p><img decoding=\"async\" src=\"http:\/\/aconteceunovale.com.br\/portal\/wp-content\/uploads\/2015\/01\/samu_macro_sul_1.jpg\" alt=\"\" \/><em>O Samu Macro Sul vai beneficiar os 153 munic\u00edpios do Sul de Minas &#8211; Manoel Marques\/Ag\u00eancia Minas<\/em><br \/>\n<\/br><\/p>\n<p>A solenidade tamb\u00e9m contou com a presen\u00e7a dos secret\u00e1rios de Estado, Fausto Pereira dos Santos (Sa\u00fade), Odair Cunha (Governo) e Helv\u00e9cio Magalh\u00e3es (Planejamento e Gest\u00e3o), do prefeito de Varginha, Ant\u00f4nio Silva, prefeitos dos demais munic\u00edpios beneficiados pelo servi\u00e7o de urg\u00eancia em sa\u00fade e parlamentares, al\u00e9m dos trabalhadores do Samu Macro Sul.<\/p>\n<p>Com investimentos do Governo do Estado de cerca de R$ 7,8 milh\u00f5es, o Samu Macro Sul vai beneficiar os 153 munic\u00edpios do Cons\u00f3rcio Intermunicipal de Sa\u00fade da Macro Regi\u00e3o do Sul de Minas (Cissul), onde vivem cerca de 2,7 milh\u00f5es de habitantes. O servi\u00e7o entra em opera\u00e7\u00e3o \u00e0s sete horas da manh\u00e3 deste s\u00e1bado (31\/01) e o custeio mensal ser\u00e1 rateado entre a Uni\u00e3o, o Estado e as prefeituras.<\/p>\n<p>Durante a solenidade, Fernando Pimentel destacou a atua\u00e7\u00e3o do servi\u00e7o. \u201cO Samu \u00e9 muito mais do que um servi\u00e7o de ambul\u00e2ncias. Ele tem um papel important\u00edssimo, porque tem salvado vidas ao longo da sua exist\u00eancia\u201d. O governador tamb\u00e9m lamentou que a cobertura do Samu em Minas ainda esteja abaixo do essencial.<\/p>\n<p>\u201cAgora, n\u00f3s vamos acelerar o servi\u00e7o de urg\u00eancia e emerg\u00eancia em Minas Gerais. N\u00f3s vamos cobrir o Estado inteiro. \u00c9 uma vergonha para Minas ser a terceira pior cobertura de Samu no Brasil. Vamos atender bem Minas Gerais no quesito sa\u00fade e n\u00e3o \u00e9 s\u00f3 no servi\u00e7o de urg\u00eancia e emerg\u00eancia, ser\u00e1 nos centros de especialidade m\u00e9dica, nos hospitais regionais. Vamos dar um salto\u201d, afirmou o governador, lembrando o papel desempenhado pelos prefeitos e prefeitas da regi\u00e3o para a implanta\u00e7\u00e3o do servi\u00e7o.<\/p>\n<p>Com o Samu Macro Sul, 475 dos 853 munic\u00edpios mineiros ter\u00e3o acesso ao servi\u00e7o, o equivalente a 55,69% de cobertura, atendendo cerca de oito milh\u00f5es dos 20,7 milh\u00f5es habitantes do Estado (38,91% de cobertura). O programa j\u00e1 est\u00e1 implantado nas macros Centro-Sul, Jequitinhonha, Norte, Nordeste e Sudeste.<\/p>\n<p>O ministro de Estado da Sa\u00fade, Arthur Chioro, tamb\u00e9m lamentou, em seu discurso, que o Samu tenha demorado para chegar ao Sul de Minas e que a inaugura\u00e7\u00e3o, realizada hoje, tenha sido adiada algumas vezes. \u201cHoje, 75% da popula\u00e7\u00e3o brasileira, ou seja, 151,6 milh\u00f5es de brasileiras e brasileiros, contam com a cobertura do Samu. Jamais imaginei que o Samu levaria 12 anos para chegar ao Sul de Minas. O importante \u00e9 que, hoje, essa hist\u00f3ria j\u00e1 come\u00e7a a mudar aqui na regi\u00e3o e logo come\u00e7ar\u00e1 a mudar em todo o Estado\u201d, disse o ministro.<\/p>\n<p>Arthur Chioro tamb\u00e9m destacou que, agora, a sa\u00fade em Minas avan\u00e7ar\u00e1 muito mais. Ao todo, o Governo Federal, por meio do Minist\u00e9rio da Sa\u00fade, investiu R$ 6,8 milh\u00f5es na constru\u00e7\u00e3o e compra de ve\u00edculos, materiais, mobili\u00e1rio, equipamentos de tecnologia da inform\u00e1tica e rede. \u201cVamos trabalhar muito para trazer o Estado para a condi\u00e7\u00e3o que ele precisa, que ele merece e que ele vai ter. Minas sabe que pode contar com o Minist\u00e9rio da Sa\u00fade, com o Governo da presidenta Dilma Roussef, al\u00e9m de outras estrat\u00e9gias priorit\u00e1rias como \u00e9 o caso do programa Mais M\u00e9dicos\u201d, garantiu.<\/p>\n<p><img decoding=\"async\" src=\"http:\/\/aconteceunovale.com.br\/portal\/wp-content\/uploads\/2015\/01\/samu_macro_sul_2.jpg\" alt=\"\" \/><em>O Samu Macro Sul vai beneficiar os 153 munic\u00edpios do Sul de Minas &#8211; Manoel Marques\/Ag\u00eancia Minas<\/em><br \/>\n<\/br><\/p>\n<h4>Funcionamento<\/h4>\n<p>O Samu Macro Sul come\u00e7a a funcionar a partir das sete horas de amanh\u00e3 (s\u00e1bado, 31\/01) e funcionar\u00e1 24 horas por dia. O complexo regulador do servi\u00e7o est\u00e1 localizado em Varginha, no pr\u00e9dio da Central Operativa de Regula\u00e7\u00e3o, no bairro Boa Vista. O espa\u00e7o foi cedido pela prefeitura de Varginha. Ao todo, 619 profissionais trabalhar\u00e3o no Samu Macro Sul, sendo 67 m\u00e9dicos, 68 enfermeiros, 202 t\u00e9cnicos em enfermagem, al\u00e9m de condutores dos ve\u00edculos, farmac\u00eauticos e servidores administrativos.<\/p>\n<p>O presidente do Cons\u00f3rcio Intermunicipal de Sa\u00fade da Macro Regi\u00e3o do Sul de Minas (Cissul) e prefeito de Monte Si\u00e3o, Jo\u00e3o Paulo Ribeiro, destacou que a chegada do Samu \u00e9 a maior conquista da hist\u00f3ria na \u00e1rea da sa\u00fade da regi\u00e3o. \u201cO Samu n\u00e3o \u00e9 a solu\u00e7\u00e3o de tudo, mas com certeza \u00e9 um grande passo. Temos profissionais extremamente capacitados e, mais do que isso, existe vontade pol\u00edtica por parte dos prefeitos, dos governos federal e estadual para que o nosso cons\u00f3rcio ande e atenda bem a popula\u00e7\u00e3o do Sul de Minas\u201d.<\/p>\n<p>Na solenidade, tamb\u00e9m foram distribu\u00eddas 43 ambul\u00e2ncias para 34 munic\u00edpios da regi\u00e3o. Entre os ve\u00edculos, nove s\u00e3o de Unidades Suporte Avan\u00e7ado (USA \u2013 UTI m\u00f3vel). As demais s\u00e3o Unidades de Suporte B\u00e1sico (USB). A USB \u00e9 utilizada em casos de urg\u00eancia, quando \u00e9 preciso o pronto atendimento, mas n\u00e3o h\u00e1 risco de morte iminente. O resgate \u00e9 feito por um condutor-socorrista e um t\u00e9cnico de enfermagem. J\u00e1 a USA \u00e9 acionada quando \u00e9 necess\u00e1ria interven\u00e7\u00e3o m\u00e9dica imediata. Nesses casos, o resgate \u00e9 feito por um condutor-socorrista, um m\u00e9dico e um enfermeiro.<\/p>\n<p>As ambul\u00e2ncias foram entregues aos munic\u00edpios de Alfenas (2), Aiuruoca (1), Boa Esperan\u00e7a (1), Cambu\u00ed (1), Campos Gerais (1), Carmo do Rio Claro (1), C\u00e1ssia (1), Caxambu (1), Delfin\u00f3polis (1), Extrema (1), Guap\u00e9 (1), Guaxup\u00e9 (1), Itajub\u00e1 (2), Lambari (1), Lavras (2), Lumin\u00e1rias (1), Machado (1), Nepomuceno (1), Nova Resende (1), Ouro Fino (1), Parais\u00f3polis (1), Passos (2), Piumhi (2), Po\u00e7os de Caldas (2), Pouso Alegre (2), Santa Rita de Caldas (1), Santa Rita do Sapuca\u00ed (1), S\u00e3o Gon\u00e7alo do Sapuca\u00ed (1), S\u00e3o Louren\u00e7o (2), S\u00e3o Roque de Minas (1), S\u00e3o Sebasti\u00e3o do Para\u00edso (1), Tr\u00eas Cora\u00e7\u00f5es (1), Tr\u00eas Pontas (1) e Varginha (2).<\/p>\n<h4>Homenagem<\/h4>\n<p>Durante a inaugura\u00e7\u00e3o, Pimentel relembrou que o embri\u00e3o do Samu surgiu por volta de 1994, quando o ent\u00e3o prefeito de Belo Horizonte, Patrus Ananias, e o seu secret\u00e1rio de Sa\u00fade \u00e0 \u00e9poca, Helv\u00e9cio Magalh\u00e3es, hoje secret\u00e1rio de Estado de Planejamento e Gest\u00e3o, implementaram esse servi\u00e7o de sa\u00fade na capital com o Corpo de Bombeiros e ambul\u00e2ncias, que culminou no lan\u00e7amento do Samu em todo o Brasil 10 anos depois. O governador tamb\u00e9m prestou homenagem aos trabalhadores do Samu, \u201cos homens e mulheres da farda azul\u201d, pelo importante papel desempenhado pelas equipes. (Ag\u00eancia Minas)<\/p>\n","protected":false},"excerpt":{"rendered":"<p>Samu Macro Sul vai proporcionar aos 2,7 milh\u00f5es de habitantes da regi\u00e3o melhor acesso \u00e0 sa\u00fade e come\u00e7a a atender neste s\u00e1bado (31\/01). O governador de Minas Gerais, Fernando Pimentel, e o ministro da Sa\u00fade, Arthur Chioro, inauguraram, nesta sexta-feira (30\/01), em Varginha, no Sul de Minas, o complexo do Servi\u00e7o de Atendimento M\u00f3vel de [&hellip;]<\/p>\n","protected":false},"author":1,"featured_media":51370,"comment_status":"open","ping_status":"closed","sticky":false,"template":"","format":"standard","meta":{"amp_status":"","footnotes":""},"categories":[123],"tags":[31797,957,31796,21165,14320,26332,1547,24491,3688,196,21032,21033,31798,958,28368,12826,31799,959,28349,1544,1623,207,1638,1546,1639,12271,31801,17354,1542,12264,213,1783,215,216,31795,31800,9546,1541,1540,12268,1548,31794,31793,1507,1508,223],"class_list":["post-51369","post","type-post","status-publish","format-standard","has-post-thumbnail","hentry","category-gerais","tag-aiuruoca","tag-alfenas","tag-antonio-silva","tag-arthur-chioro","tag-boa-esperanca","tag-cambui","tag-campos-gerais","tag-carmo-do-rio-claro","tag-cassia","tag-caxambu","tag-cissul","tag-consorcio-intermunicipal-de-saude-da-macro-regiao-do-sul-de-minas","tag-delfinopolis","tag-extrema","tag-fausto-pereira-dos-santos","tag-fernando-pimentel","tag-guape","tag-guaxupe","tag-helvecio-magalhaes","tag-itajuba","tag-lambari","tag-lavras","tag-luminarias","tag-machado","tag-nepomuceno","tag-nova-resende","tag-o-samu-macro-sul-vai-beneficiar-os-153-municipios-do-sul-de-minas","tag-odair-cunha","tag-ouro-fino","tag-paraisopolis","tag-passos","tag-piumhi","tag-pocos-de-caldas","tag-pouso-alegre","tag-samu-macro-sul","tag-santa-rita-de-caldas","tag-santa-rita-do-sapucai","tag-sao-goncalo-do-sapucai","tag-sao-lourenco","tag-sao-roque-de-minas","tag-sao-sebastiao-do-paraiso","tag-servico-de-atendimento-movel-de-urgencia-do-sul-de-minas","tag-servico-de-atendimento-movel-de-urgencia-do-sul-de-minas-beneficiara-153-municipios","tag-tres-coracoes","tag-tres-pontas","tag-varginha"],"_links":{"self":[{"href":"https:\/\/aconteceunovale.com.br\/portal\/index.php?rest_route=\/wp\/v2\/posts\/51369","targetHints":{"allow":["GET"]}}],"collection":[{"href":"https:\/\/aconteceunovale.com.br\/portal\/index.php?rest_route=\/wp\/v2\/posts"}],"about":[{"href":"https:\/\/aconteceunovale.com.br\/portal\/index.php?rest_route=\/wp\/v2\/types\/post"}],"author":[{"embeddable":true,"href":"https:\/\/aconteceunovale.com.br\/portal\/index.php?rest_route=\/wp\/v2\/users\/1"}],"replies":[{"embeddable":true,"href":"https:\/\/aconteceunovale.com.br\/portal\/index.php?rest_route=%2Fwp%2Fv2%2Fcomments&post=51369"}],"version-history":[{"count":0,"href":"https:\/\/aconteceunovale.com.br\/portal\/index.php?rest_route=\/wp\/v2\/posts\/51369\/revisions"}],"wp:featuredmedia":[{"embeddable":true,"href":"https:\/\/aconteceunovale.com.br\/portal\/index.php?rest_route=\/wp\/v2\/media\/51370"}],"wp:attachment":[{"href":"https:\/\/aconteceunovale.com.br\/portal\/index.php?rest_route=%2Fwp%2Fv2%2Fmedia&parent=51369"}],"wp:term":[{"taxonomy":"category","embeddable":true,"href":"https:\/\/aconteceunovale.com.br\/portal\/index.php?rest_route=%2Fwp%2Fv2%2Fcategories&post=51369"},{"taxonomy":"post_tag","embeddable":true,"href":"https:\/\/aconteceunovale.com.br\/portal\/index.php?rest_route=%2Fwp%2Fv2%2Ftags&post=51369"}],"curies":[{"name":"wp","href":"https:\/\/api.w.org\/{rel}","templated":true}]}}