{"id":51348,"date":"2015-01-30T17:09:45","date_gmt":"2015-01-30T20:09:45","guid":{"rendered":"http:\/\/aconteceunovale.com.br\/portal\/?p=51348"},"modified":"2015-01-31T18:23:23","modified_gmt":"2015-01-31T21:23:23","slug":"tres-homens-sao-mortos-a-tiros-em-cidades-do-leste-de-minas","status":"publish","type":"post","link":"https:\/\/aconteceunovale.com.br\/portal\/?p=51348","title":{"rendered":"Tr\u00eas homens s\u00e3o mortos a tiros em cidades do Leste de Minas"},"content":{"rendered":"<h4><strong><em>Crimes aconteceram em Governador Valadares, Tim\u00f3teo e Coronel Fabriciano.<\/em><\/strong><\/h4>\n<p>Tr\u00eas homens foram assassinados a tiros nesta quinta-feira, 29 de janeiro, em Tim\u00f3teo, Governador Valadares e Coronel Fabriciano, na regi\u00e3o Leste de Minas Gerais.<\/p>\n<p>Na Rua Cidrinha, no Bairro Macuco, em Tim\u00f3teo, Ramon Wilson da Silva, de 17 anos, morreu ap\u00f3s ser baleado no bra\u00e7o, costas e nuca. Um suspeito apontado por testemunhas n\u00e3o foi localizado pela Pol\u00edcia.<\/p>\n<h4>Coronel Fabriciano<\/h4>\n<p>Em Coronel Fabriciano, Marcelo Rosa Janu\u00e1rio, de 34 anos, foi morto com tr\u00eas tiros nas costas, um na nuca, dois no antebra\u00e7o direito e um no tornozelo esquerdo. Segundo as informa\u00e7\u00f5es da PM, ele andava pelo Bairro Santa Rita com o filho, quando foi baleado. A esposa da v\u00edtima disse para a pol\u00edcia que o marido era usu\u00e1rio de drogas, o que pode ter motivado o crime.<\/p>\n<p>Ainda de acordo com a PM, durante a apura\u00e7\u00e3o do crime, uma den\u00fancia an\u00f4nima informou que Thales Cristian Andrade Soares, de 20 anos, teria cometido o crime. Ele foi preso e reconhecido por uma testemunha que presenciou o assassinato.<\/p>\n<p>Ao ser questionado quanto \u00e0 motiva\u00e7\u00e3o do crime e autoria, Thales negou, mas tamb\u00e9m n\u00e3o fez quest\u00e3o de se defender, declarando que conhecia a v\u00edtima, por ser morador do local e a avistava passando pela rua, mas n\u00e3o tinha relacionamento com a mesma, declarando espontaneamente ser usu\u00e1rio de drogas e sabia que a v\u00edtima tamb\u00e9m era. Diante dos fatos, o suspeito foi conduzido a Depol para as demais provid\u00eancias.<\/p>\n<h4>Governador Valadares<\/h4>\n<p>Um homem de 27 anos foi morto com cinco tiros na noite desta quinta-feira (29), no Bairro Novo Horizonte, em Governador Valadares. De acordo com a Pol\u00edcia Militar, a v\u00edtima Wanderson de Oliveira Cruz foi encontrada, com sangramento, ca\u00edda pr\u00f3ximo a sua motocicleta. O SAMU foi acionado e um m\u00e9dico constatou a morte.<\/p>\n<p>Ainda segundo a PM, a v\u00edtima tinha passagem pela pol\u00edcia por porte ilegal de armas e recepta\u00e7\u00e3o. O corpo foi encaminhado para o Instituto M\u00e9dico Legal. (G1)<\/p>\n","protected":false},"excerpt":{"rendered":"<p>Crimes aconteceram em Governador Valadares, Tim\u00f3teo e Coronel Fabriciano. Tr\u00eas homens foram assassinados a tiros nesta quinta-feira, 29 de janeiro, em Tim\u00f3teo, Governador Valadares e Coronel Fabriciano, na regi\u00e3o Leste de Minas Gerais. Na Rua Cidrinha, no Bairro Macuco, em Tim\u00f3teo, Ramon Wilson da Silva, de 17 anos, morreu ap\u00f3s ser baleado no bra\u00e7o, costas [&hellip;]<\/p>\n","protected":false},"author":1,"featured_media":42404,"comment_status":"open","ping_status":"closed","sticky":false,"template":"","format":"standard","meta":{"amp_status":"","footnotes":""},"categories":[121],"tags":[1524,247,31767,31766,31768,1105,31765,31769,31900],"class_list":["post-51348","post","type-post","status-publish","format-standard","has-post-thumbnail","hentry","category-leste","tag-coronel-fabriciano","tag-governador-valadares","tag-marcelo-rosa-januario","tag-ramon-wilson-da-silva","tag-thales-cristian-andrade-soares","tag-timoteo","tag-tres-homens-sao-mortos-a-tiros-em-cidades-do-leste-de-minas","tag-wanderson-de-oliveira","tag-wanderson-de-oliveira-cruz"],"_links":{"self":[{"href":"https:\/\/aconteceunovale.com.br\/portal\/index.php?rest_route=\/wp\/v2\/posts\/51348","targetHints":{"allow":["GET"]}}],"collection":[{"href":"https:\/\/aconteceunovale.com.br\/portal\/index.php?rest_route=\/wp\/v2\/posts"}],"about":[{"href":"https:\/\/aconteceunovale.com.br\/portal\/index.php?rest_route=\/wp\/v2\/types\/post"}],"author":[{"embeddable":true,"href":"https:\/\/aconteceunovale.com.br\/portal\/index.php?rest_route=\/wp\/v2\/users\/1"}],"replies":[{"embeddable":true,"href":"https:\/\/aconteceunovale.com.br\/portal\/index.php?rest_route=%2Fwp%2Fv2%2Fcomments&post=51348"}],"version-history":[{"count":0,"href":"https:\/\/aconteceunovale.com.br\/portal\/index.php?rest_route=\/wp\/v2\/posts\/51348\/revisions"}],"wp:featuredmedia":[{"embeddable":true,"href":"https:\/\/aconteceunovale.com.br\/portal\/index.php?rest_route=\/wp\/v2\/media\/42404"}],"wp:attachment":[{"href":"https:\/\/aconteceunovale.com.br\/portal\/index.php?rest_route=%2Fwp%2Fv2%2Fmedia&parent=51348"}],"wp:term":[{"taxonomy":"category","embeddable":true,"href":"https:\/\/aconteceunovale.com.br\/portal\/index.php?rest_route=%2Fwp%2Fv2%2Fcategories&post=51348"},{"taxonomy":"post_tag","embeddable":true,"href":"https:\/\/aconteceunovale.com.br\/portal\/index.php?rest_route=%2Fwp%2Fv2%2Ftags&post=51348"}],"curies":[{"name":"wp","href":"https:\/\/api.w.org\/{rel}","templated":true}]}}