{"id":51343,"date":"2015-01-30T16:29:18","date_gmt":"2015-01-30T19:29:18","guid":{"rendered":"http:\/\/aconteceunovale.com.br\/portal\/?p=51343"},"modified":"2015-01-30T16:29:30","modified_gmt":"2015-01-30T19:29:30","slug":"invencao-mineira-ilumina-residencias-no-brasil-e-em-varios-paises","status":"publish","type":"post","link":"https:\/\/aconteceunovale.com.br\/portal\/?p=51343","title":{"rendered":"Inven\u00e7\u00e3o mineira ilumina resid\u00eancias no Brasil e em v\u00e1rios pa\u00edses"},"content":{"rendered":"<h4><strong><em>Saiba como um morador de Uberaba criou uma l\u00e2mpada utilizando apenas cloro, \u00e1gua e garrafa pet. Inven\u00e7\u00e3o surgiu ap\u00f3s um &#8220;conselho&#8221; de Chico Xavier.<\/em><\/strong><\/h4>\n<p>Preocupado com o apag\u00e3o do in\u00edcio dos anos 2000, o mec\u00e2nico Alfredo Moser, de 63 anos, inventou um sistema sustent\u00e1vel de ilumina\u00e7\u00e3o que hoje j\u00e1 \u00e9 utilizado em? mais de? 15 pa\u00edses. Chamada \u201cL\u00e2mpada de Moser\u201d, a inven\u00e7\u00e3o necessita apenas de uma garrafa pet, \u00e1gua pot\u00e1vel e \u201cduas tampinhas\u201d de \u00e1gua sanit\u00e1ria ou cloro.<\/p>\n<p>Hoje, aposentado, o inventor instala a l\u00e2mpada em casas de moradores de Uberaba, no Tri\u00e2ngulo Mineiro, onde mora. \u201cEu cobro um dinheirinho, mas tem gente que \u00e9 muito carente, n\u00e9, muito humilde, a\u00ed eu nem cobro ?nada ?n\u00e3o\u201d, conta?.<\/p>\n<p><img decoding=\"async\" src=\"http:\/\/aconteceunovale.com.br\/portal\/wp-content\/uploads\/2015\/01\/lampada_de_moser.jpg\" alt=\"\" \/><em>O mec\u00e2nico ao lado de sua inven\u00e7\u00e3o, chamada \u201cL\u00e2mpada de Moser\u201d &#8211; Foto: Reprodu\u00e7\u00e3o\/Youtube<\/em><br \/>\n<\/br><\/p>\n<p>Nascido em Santa Catarina, se mudou para Bras\u00edlia entre as d\u00e9cadas de 70 e 80. Foi quando come\u00e7ou a trabalhar em tr\u00eas firmas na cidade, ?e uma delas, ?em um lugar onde \u201cca\u00eda muito avi\u00e3o\u201d. \u201cA\u00ed um dia eu falei pros meus colegas?:? &#8216;e quando cair o avi\u00e3o e tiver escuro e num tiver nem um f\u00f3sforo pra iluminar??&#8217; ? Falei com meu chefe e ele me ensinou a fazer uma ilumina\u00e7\u00e3o com uma lupa. A\u00ed fiquei com isso na cabe\u00e7a\u201d, diz.<\/p>\n<p>?E a ideia continuou na cabe\u00e7a do mec\u00e2nico at\u00e9 ele se mudar para Uberaba. J\u00e1 no Tri\u00e2ngulo Mineiro, ele conta que o ponto de partida foi um encontro que teve com o m\u00e9dium Chico Xavier. \u201c?U?m dia eu ?es?tava andando de bicicleta e vi o Chico Xavier na rua. Ele ?es?tava com uma senhora e um senhor ao lado, e eu pensei que aquela seria a minha chance de cumprimentar ele. Porque nunca tinha como, ele ficava escrevendo, sempre cheio de gente em volta, nunca dava pra chegar perto. A\u00ed fui conversando com ele e ele me disse, ?&#8217;?olhe Moser, tem uma luz na sua vida. Mas essa luz n\u00e3o vai ser s\u00f3 sua n\u00e3o, vai ser de todo mundo. E n\u00e3o \u00e9 a luz divina, essa \u00e9 s\u00f3 quando voc\u00ea morrer. Quando a pessoa faz muita coisa boa, quando morre, ela tem essa luz tamb\u00e9m?&#8217;?\u201d, lembra.<\/p>\n<p>Com o impacto do encontro com o m\u00e9dium, o mec\u00e2nico continuou matutando a ideia, at\u00e9 a crise de energia que atingiu o pa\u00eds no in\u00edcio d?os anos 2000.<\/p>\n<h4>A descoberta da luz<\/h4>\n<p>Em 2001, o assunto nos jornais e na televis\u00e3o era o apag\u00e3o. \u2018\u201cEu fiquei preocupado, queria fazer uma luz pras pessoas. O Chico falou pra eu fazer isso. Mas eu n\u00e3o sabia como come\u00e7ar. At\u00e9 que um dia minha m\u00e3e me chamou na casa dela e minha prima estava com uma garrafinha de coca cola, daquelas pequenas de pl\u00e1?s?tico, meio torcida, em cima da mesa. E quando bateu um sol clareou muito a parede. A\u00ed eu pensei ?&#8217;j\u00e1 sei, vou come\u00e7ar por a\u00ed?&#8217;?\u201d, conta.<\/p>\n<p>E foi assim que, em 2002, ele pegou uma garrafa pet, colocou \u00e1gua, quebrou umas telhas em sua casa, ?encheu? a garrafa com \u00e1gua do ribeirinho &#8211; pot\u00e1vel, na \u00e9poca &#8211; e colocou \u201cduas tampinhas de \u00e1gua sanit\u00e1ria pra \u00e1gua n?\u00e3o esverdear\u201d. A partir deste momento, Moser descobriu a luz e viu que ele poderia ter a casa iluminada durante o dia sem sem precisar de energia el\u00e9trica.<\/p>\n<h4>De Ubaraba para o mundo<\/h4>\n<p>A l\u00e2mpada de Moser tem em torno de 60 Watts e ilumina os ambientes durante o dia utilizando apenas a luz do sol. \u00c9 um sistema de refra\u00e7\u00e3o de luz solar que tem validade de pelo menos 20 anos. \u201cAqui em casa as minhas l\u00e2mpadas de garrafa j\u00e1 tem uns 15 anos sem a gente nem precisar mexer nelas\u201d, diz o inventor.<\/p>\n<p>\u201cNas Filipinas o povo est\u00e1 usando mais do que aqui. J\u00e1 me chamaram para ensinar isso em alguns lugares, mas eu s\u00f3 fui na Coreia do Sul at\u00e9 hoje, no ano passado, pra dar uma palestra na embaixada brasileira l\u00e1. Foi muito bonito, porque eu vi umas mo\u00e7as chorando l\u00e1, uns rapazes tamb\u00e9m, emocionados. A gente fica feliz n\u00e9? Eu n\u00e3o conversei muito com eles n\u00e3o, porque eu falo uma l\u00edngua e eles falam outra. Mas a gente fica satisfeito mesmo assim, n\u00e9?\u201d, conta o mec\u00e2nico.<\/p>\n<p>Em 2011, a ideia foi adotada por uma ONG filipina e acabou se transformando no projeto &#8220;Liter of Light&#8221;, e se espalhou por mais de 15 pa\u00edses que sofrem com a falta de ilumina\u00e7\u00e3o p\u00fablica.<\/p>\n<p>Segundo Moser, o retorno n\u00e3o \u00e9 financeiro, mas \u00e9 satisfat\u00f3rio. \u201cEu fico vendo os jovens aprendendo a instalar isso a\u00ed, ganhando um dinheirinho. Fico ensinando os meninos. T\u00e1 dando emprego pros outros e isso \u00e9 muito bom. Um amigo meu disse que j\u00e1 viu at\u00e9 os \u00edndios usando isso na oca deles. Mas l\u00e1 eles n\u00e3o deixam tirar foto, se tirar, os \u00edndios arrancam o filme fora\u201d, diz.<\/p>\n<p>\u201cParece que l\u00e1 nas Filipinas o povo \u00e9 muito pobre mesmo, e tem gente que manda e-mail no computador, meu filho \u00e9 que mexe com isso, e diz que l\u00e1 a luz custa o olho da cara e que as crian\u00e7as n\u00e3o podiam nem estudar porque a casa deles n\u00e3o t\u00eam janela, s\u00f3 porta, e \u00e9 tudo escuro, n\u00e9? A\u00ed nesse e-mail eles falaram que tem um menino l\u00e1 de 12 anos que agora j\u00e1 t\u00e1 at\u00e9 estudando por causa disso\u201d, completa.<\/p>\n<h4>Novas ideias<\/h4>\n<p>Moser n\u00e3o recebe nada pelo invento, mas conta que recentemente procurou ajuda de algumas pessoas para tentar patentear a cria\u00e7\u00e3o junto aos \u00f3rg\u00e3os p\u00fablicos. ?O problema \u00e9 que \u00e9 preciso investir ?um alto valor para apresentar um prot\u00f3tipo, e a burocracia estagnou o processo.<\/p>\n<p>Ele tamb\u00e9m desenvolve um projeto no qual placas solares poderiam captar a luz durante o dia e iluminar a noite, mas ele ainda n\u00e3o encontrou algu\u00e9m para bancar o projeto. Mesmo assim, a cabe\u00e7a n\u00e3o para de funcionar. \u201cA pessoa que inventa num ganha nada, quem ganha s\u00e3o os outros n\u00e9? Igual o Santos Dummont que inventou o avi\u00e3o\u201d, diz.<\/p>\n<p>\u201cAgora tem o problema da \u00e1gua, n\u00e9? Estou com um invento na cabe\u00e7a a\u00ed, quem sabe esse ano ou ano que vem eu consiga fazer funcionar. Mas a\u00ed tenho que chamar o governo pra me ajudar, pra instalar. \u00c9 um invento que vai servir pra n\u00e3o faltar \u00e1gua\u201d completa. \u201cEnquanto eu existir na face da terra eu vou inventando. Inventei outro neg\u00f3cio tamb\u00e9m, que s\u00e3o vassouras feitas com aquelas fitas de embalar caixote, sabe? Mas essa ?inven\u00e7\u00e3o \u00e9 pra dar mais servi\u00e7o pro povo\u201d, brinca.<\/p>\n<h4>Como fazer<\/h4>\n<p>\u00c9 necess\u00e1rio furar uma parte do telhado (de amianto ou de barro) para encaixar a garrafa, que deve estar cheia de \u00e1gua port\u00e1vel. \u201cAntes a gente fazia com a \u00e1gua do ribeirinho, que era limpa, mas agora j\u00e1 chega \u00e1gua tratada na casa de muita gente\u201d, explica. A\u00ed coloca-se a medida de duas a quatro tampinhas de garrafa pet com cloro ou \u00e1gua sanit\u00e1ria, para mant\u00ea-la limpa e evitar os mosquitos da dengue.<\/p>\n<p>\u201c\u00c9 porque as vezes, com o tempo, a tampa solta e fica a garrafa aberta pra fora do telhado, n\u00e9, a\u00ed pode dar dengue se n\u00e3o tiver cloro\u201d, diz o inventor.<\/p>\n<p>A tampa, ent\u00e3o?,? \u00e9 vedada assim como a garrafa? no telhado?, de forma que metade dela fique para fora do telhado, onde ir\u00e1 receber a luz, e a metade de baixo dentro da casa, que ir\u00e1 refletir essa luz.<\/p>\n<p>\u201cA\u00ed voc\u00ea pode colocar umas quatro no banheiro, que vai iluminar bastante, mas num p\u00f5e elas muito perto da parede n\u00e3o, p\u00f5e um pouco distante. Teve uma mulher que falou comigo que ia colocar corante pra fazer v\u00e1rias luzes coloridas, e tamb\u00e9m d\u00e1 certo. Pode pegar garrafinha colorida tamb\u00e9m, fica bem bonito. Ilumina muito, at\u00e9 em dia de chuva. Mas claro que n\u00e3o ilumina tanto igual quando faz sol. Ilumina assim como se fosse uma claraboia,? ?sabe?\u201d.<\/p>\n<p>E d\u00e1 para adaptar a ideia a qualquer material ou a qualquer telhado, &#8220;mesmo aqueles telhados mais inclinados igual avi\u00e3o subindo&#8221;, como diz o inventor. <\/p>\n<p>\u00c0s pessoas leigas e sem conhecimento m\u00ednimo sobre o assunto, como a rep\u00f3rter desta mat\u00e9ria, Moser d\u00e1 a dica: \u201cAcho melhor voc\u00ea pedir para outra pessoa te ajudar, viu, vai numa marmoraria, essas lojas que vende?m? tanque, pia, leva a telha se for de barro, ?e pede pra ele furar e colocar a garrafa pra voc\u00ea. Eles fazem isso rapidinho, a\u00ed eles v\u00e3o vedar direitinho com uma massa pl\u00e1stica, fica certinho. A\u00ed depois \u00e9 s\u00f3 voc\u00ea levar a telha de volta e encaixar de novo no telhado\u201d. <\/p>\n<p><strong><em>(Fonte: Jornal O Tempo)<\/em><\/strong><\/p>\n","protected":false},"excerpt":{"rendered":"<p>Saiba como um morador de Uberaba criou uma l\u00e2mpada utilizando apenas cloro, \u00e1gua e garrafa pet. Inven\u00e7\u00e3o surgiu ap\u00f3s um &#8220;conselho&#8221; de Chico Xavier. Preocupado com o apag\u00e3o do in\u00edcio dos anos 2000, o mec\u00e2nico Alfredo Moser, de 63 anos, inventou um sistema sustent\u00e1vel de ilumina\u00e7\u00e3o que hoje j\u00e1 \u00e9 utilizado em? mais de? 15 [&hellip;]<\/p>\n","protected":false},"author":1,"featured_media":51344,"comment_status":"open","ping_status":"closed","sticky":false,"template":"","format":"standard","meta":{"amp_status":"","footnotes":""},"categories":[28848],"tags":[31757,31759,31761,31758,31760,220],"class_list":["post-51343","post","type-post","status-publish","format-standard","has-post-thumbnail","hentry","category-mundo","tag-alfredo-moser","tag-chico-xavier","tag-invencao-mineira-ilumina-residencias-no-brasil-e-em-varios-paises","tag-lampada-de-moser","tag-lampada-inventada-em-minas-gerais-ilumina-casas-em-varios-paises","tag-uberaba"],"_links":{"self":[{"href":"https:\/\/aconteceunovale.com.br\/portal\/index.php?rest_route=\/wp\/v2\/posts\/51343","targetHints":{"allow":["GET"]}}],"collection":[{"href":"https:\/\/aconteceunovale.com.br\/portal\/index.php?rest_route=\/wp\/v2\/posts"}],"about":[{"href":"https:\/\/aconteceunovale.com.br\/portal\/index.php?rest_route=\/wp\/v2\/types\/post"}],"author":[{"embeddable":true,"href":"https:\/\/aconteceunovale.com.br\/portal\/index.php?rest_route=\/wp\/v2\/users\/1"}],"replies":[{"embeddable":true,"href":"https:\/\/aconteceunovale.com.br\/portal\/index.php?rest_route=%2Fwp%2Fv2%2Fcomments&post=51343"}],"version-history":[{"count":0,"href":"https:\/\/aconteceunovale.com.br\/portal\/index.php?rest_route=\/wp\/v2\/posts\/51343\/revisions"}],"wp:featuredmedia":[{"embeddable":true,"href":"https:\/\/aconteceunovale.com.br\/portal\/index.php?rest_route=\/wp\/v2\/media\/51344"}],"wp:attachment":[{"href":"https:\/\/aconteceunovale.com.br\/portal\/index.php?rest_route=%2Fwp%2Fv2%2Fmedia&parent=51343"}],"wp:term":[{"taxonomy":"category","embeddable":true,"href":"https:\/\/aconteceunovale.com.br\/portal\/index.php?rest_route=%2Fwp%2Fv2%2Fcategories&post=51343"},{"taxonomy":"post_tag","embeddable":true,"href":"https:\/\/aconteceunovale.com.br\/portal\/index.php?rest_route=%2Fwp%2Fv2%2Ftags&post=51343"}],"curies":[{"name":"wp","href":"https:\/\/api.w.org\/{rel}","templated":true}]}}