{"id":51338,"date":"2015-01-30T16:14:05","date_gmt":"2015-01-30T19:14:05","guid":{"rendered":"http:\/\/aconteceunovale.com.br\/portal\/?p=51338"},"modified":"2015-01-30T16:14:05","modified_gmt":"2015-01-30T19:14:05","slug":"contas-de-luz-terao-novamente-bandeira-tarifaria-vermelha-em-fevereiro","status":"publish","type":"post","link":"https:\/\/aconteceunovale.com.br\/portal\/?p=51338","title":{"rendered":"Contas de luz ter\u00e3o novamente bandeira tarif\u00e1ria vermelha em fevereiro"},"content":{"rendered":"<h4><strong><em>Sistema de bandeiras tarif\u00e1rias permite a cobran\u00e7a de um valor extra na conta de luz de acordo com  o custo de gera\u00e7\u00e3o de energia.<\/em><\/strong><\/h4>\n<p>No m\u00eas de fevereiro os consumidores brasileiros v\u00e3o pagar novamente um adicional de R$ 3 a cada 100 quilowatts-hora (kWh) de energia consumidos. Pelo segundo m\u00eas, estar\u00e1 em vigor a bandeira tarif\u00e1ria vermelha para todas as regi\u00f5es, exceto para os estados do Amazonas, Amap\u00e1 e Roraima.<\/p>\n<p>O sistema de bandeiras tarif\u00e1rias, que permite a cobran\u00e7a de um valor extra na conta de luz de acordo com  o custo de gera\u00e7\u00e3o de energia, come\u00e7ou a vigorar no in\u00edcio de janeiro. No primeiro m\u00eas do ano, a bandeira tamb\u00e9m foi vermelha, por causa do uso intenso de energia de termel\u00e9tricas, que \u00e9 mais cara do que a gerada por usinas hidrel\u00e9tricas.<\/p>\n<p>As bandeiras funcionam como um sem\u00e1foro de tr\u00e2nsito, com as cores verde, amarela e vermelha para indicar as condi\u00e7\u00f5es de gera\u00e7\u00e3o de energia no pa\u00eds. Se for um m\u00eas com poucas chuvas, os reservat\u00f3rios das hidrel\u00e9tricas estar\u00e3o mais baixos, por isso, ser\u00e1 necess\u00e1rio usar mais energia gerada por termel\u00e9tricas.<\/p>\n<p>Quando a conta de luz vier com a bandeira verde, significa que os custos para gerar energia naquele m\u00eas foram baixos, portanto, a tarifa de energia n\u00e3o ter\u00e1 nenhum acr\u00e9scimo. Se vier com a bandeira amarela, \u00e9 sinal de aten\u00e7\u00e3o, pois os custos de gera\u00e7\u00e3o est\u00e3o aumentando. Nesse caso, a tarifa de energia ter\u00e1 acr\u00e9scimo de R$ 1,50 para cada 100 quilowatts-hora (kWh) consumidos. J\u00e1 a bandeira vermelha mostra que o custo da gera\u00e7\u00e3o naquele m\u00eas est\u00e1 mais alto, com o maior acionamento de termel\u00e9tricas, e haver\u00e1 um adicional de R$ 3 a cada 100 kWh.<\/p>\n<p>Segundo a Aneel, com o sistema de bandeiras tarif\u00e1rias, o consumidor poder\u00e1 identificar qual a bandeira do m\u00eas e reagir a essa sinaliza\u00e7\u00e3o com uso inteligente da energia el\u00e9trica, sem desperd\u00edcio. (Ag\u00eancia Brasil)<\/p>\n","protected":false},"excerpt":{"rendered":"<p>Sistema de bandeiras tarif\u00e1rias permite a cobran\u00e7a de um valor extra na conta de luz de acordo com o custo de gera\u00e7\u00e3o de energia. No m\u00eas de fevereiro os consumidores brasileiros v\u00e3o pagar novamente um adicional de R$ 3 a cada 100 quilowatts-hora (kWh) de energia consumidos. Pelo segundo m\u00eas, estar\u00e1 em vigor a bandeira [&hellip;]<\/p>\n","protected":false},"author":1,"featured_media":51339,"comment_status":"open","ping_status":"closed","sticky":false,"template":"","format":"standard","meta":{"amp_status":"","footnotes":""},"categories":[6],"tags":[26918,31752,31753,31751],"class_list":["post-51338","post","type-post","status-publish","format-standard","has-post-thumbnail","hentry","category-br","tag-aneel","tag-bandeira-tarifaria","tag-conta-de-luz","tag-contas-de-luz-terao-novamente-bandeira-tarifaria-vermelha-em-fevereiro"],"_links":{"self":[{"href":"https:\/\/aconteceunovale.com.br\/portal\/index.php?rest_route=\/wp\/v2\/posts\/51338","targetHints":{"allow":["GET"]}}],"collection":[{"href":"https:\/\/aconteceunovale.com.br\/portal\/index.php?rest_route=\/wp\/v2\/posts"}],"about":[{"href":"https:\/\/aconteceunovale.com.br\/portal\/index.php?rest_route=\/wp\/v2\/types\/post"}],"author":[{"embeddable":true,"href":"https:\/\/aconteceunovale.com.br\/portal\/index.php?rest_route=\/wp\/v2\/users\/1"}],"replies":[{"embeddable":true,"href":"https:\/\/aconteceunovale.com.br\/portal\/index.php?rest_route=%2Fwp%2Fv2%2Fcomments&post=51338"}],"version-history":[{"count":0,"href":"https:\/\/aconteceunovale.com.br\/portal\/index.php?rest_route=\/wp\/v2\/posts\/51338\/revisions"}],"wp:featuredmedia":[{"embeddable":true,"href":"https:\/\/aconteceunovale.com.br\/portal\/index.php?rest_route=\/wp\/v2\/media\/51339"}],"wp:attachment":[{"href":"https:\/\/aconteceunovale.com.br\/portal\/index.php?rest_route=%2Fwp%2Fv2%2Fmedia&parent=51338"}],"wp:term":[{"taxonomy":"category","embeddable":true,"href":"https:\/\/aconteceunovale.com.br\/portal\/index.php?rest_route=%2Fwp%2Fv2%2Fcategories&post=51338"},{"taxonomy":"post_tag","embeddable":true,"href":"https:\/\/aconteceunovale.com.br\/portal\/index.php?rest_route=%2Fwp%2Fv2%2Ftags&post=51338"}],"curies":[{"name":"wp","href":"https:\/\/api.w.org\/{rel}","templated":true}]}}