{"id":51308,"date":"2015-01-30T11:12:41","date_gmt":"2015-01-30T14:12:41","guid":{"rendered":"http:\/\/aconteceunovale.com.br\/portal\/?p=51308"},"modified":"2015-01-30T11:12:41","modified_gmt":"2015-01-30T14:12:41","slug":"bombeiros-intensificam-preparativos-para-a-operacao-carnaval-2015","status":"publish","type":"post","link":"https:\/\/aconteceunovale.com.br\/portal\/?p=51308","title":{"rendered":"Bombeiros intensificam preparativos para a Opera\u00e7\u00e3o Carnaval 2015"},"content":{"rendered":"<h4><strong><em>Foco do Corpo de Bombeiros Militar de Minas Gerais ser\u00e1 a preven\u00e7\u00e3o aos afogamentos e acidentes nas estradas mineiras<\/em><\/strong><\/h4>\n<p>O Corpo de Bombeiros Militar de Minas Gerais j\u00e1 intensificou a sua prepara\u00e7\u00e3o para atua\u00e7\u00e3o durante o Carnaval 2015. O trabalho, que ser\u00e1 desenvolvido de 13 a 18 de fevereiro, ter\u00e1 como foco as atividades de preven\u00e7\u00e3o aos afogamentos e acidentes em rodovias.<\/p>\n<p><img decoding=\"async\" src=\"http:\/\/aconteceunovale.com.br\/portal\/wp-content\/uploads\/2015\/01\/bombeiros_carnaval_15.jpg\" alt=\"\" \/><em>Equipe est\u00e1 pronta para atuar na preven\u00e7\u00e3o de afogamentos e acidentes nos balne\u00e1rios &#8211; Foto: CBMMG<\/em><br \/>\n<\/br><\/p>\n<p>Na \u00e1rea de atua\u00e7\u00e3o do 3\u00ba Batalh\u00e3o de Bombeiros (Pampulha), o trabalho ser\u00e1 estendido \u00e0s principais cidades em sua \u00e1rea de abrang\u00eancia, com atendimento a aproximadamente 100 mil pessoas.  A atividade de Preven\u00e7\u00e3o Contra Acidentes (PCA) ser\u00e1 desenvolvida nas cidades de Concei\u00e7\u00e3o do Mato Dentro, Santana do Riacho, Taquara\u00e7u de Minas e Morro do Pilar, nos locais de maior visita\u00e7\u00e3o nesta \u00e9poca do ano, como cachoeiras, lagoas e rios da regi\u00e3o. De acordo com o chefe do Setor de Planejamento (B3) do 3\u00ba BBM, capit\u00e3o Cristian Souza, \u201cestas medidas reduzem os riscos de afogamentos e acidentes nos balne\u00e1rios, al\u00e9m de proporcionar uma maior aproxima\u00e7\u00e3o dos Bombeiros com a sociedade. Internamente, ainda, o treinamento para esta miss\u00e3o possibilita uma reciclagem nas \u00e1reas de salvamento aqu\u00e1tico, importantes nos atendimentos do 3\u00ba Batalh\u00e3o\u201d, afirma.<\/p>\n<p>Na pr\u00f3xima semana, 48 bombeiros militares do Batalh\u00e3o participam de um treinamento de preven\u00e7\u00e3o aqu\u00e1tica, com \u00eanfase em salvamento aqu\u00e1tico e mergulho. O planejamento prev\u00ea ainda a realiza\u00e7\u00e3o de vistorias em locais de eventos e a implanta\u00e7\u00e3o de Ponto Base no trevo de Confins, viaturas estrategicamente posicionadas, com a finalidade de diminuir o tempo resposta \u00e0s ocorr\u00eancias.<\/p>\n<h4>Requalifica\u00e7\u00e3o<\/h4>\n<p>No Norte de Minas, o 7\u00ba Batalh\u00e3o de Bombeiros, com sede em Montes Claros, tamb\u00e9m est\u00e1 investindo na requalifica\u00e7\u00e3o de seus militares com o treinamento de cerca de 500 bombeiros. As equipes operacionais ser\u00e3o refor\u00e7adas com o efetivo da \u00e1rea administrativa do Batalh\u00e3o e de suas unidades subordinadas.<\/p>\n<p>A primeira etapa dessa prepara\u00e7\u00e3o foi realizada na ter\u00e7a-feira (27), com um treinamento intensivo de mergulho, t\u00e9cnicas de salvamento aqu\u00e1tico em piscinas rasas e fundas, rios,  e Suporte B\u00e1sico de Vida.  Foram requalificados os comandantes e bombeiros instrutores dos Pelot\u00f5es das cidades de Diamantina, Pirapora, Curvelo, Jana\u00faba e Janu\u00e1ria, que ser\u00e3o multiplicadores desses conhecimentos em suas Unidades.  O comandante do 7\u00ba BBM, Major Waldeci Gouveia,  que coordena os trabalhos, explica a import\u00e2ncia da atividade. \u201c\u00c9 importante que todos os bombeiros estejam com o conhecimento atualizado em Suporte B\u00e1sico de Vida e em Salvamento Aqu\u00e1tico para que possamos prestar o melhor servi\u00e7o \u00e0 popula\u00e7\u00e3o\u201d, diz.<\/p>\n<p>Outra a\u00e7\u00e3o da Unidade ser\u00e1 a capacita\u00e7\u00e3o de guarda-vidas dos clubes de Montes Claros, visando maior seguran\u00e7a e diminui\u00e7\u00e3o nos casos de afogamentos nos clubes da cidade. O treinamento ser\u00e1 nos dias 29 e 30 de janeiro.<\/p>\n<h4>Preven\u00e7\u00e3o<\/h4>\n<p>Em Divin\u00f3polis, na regi\u00e3o centro-oeste, bombeiros do 10\u00ba Batalh\u00e3o reuniram-se com representantes da Prefeitura e da Pol\u00edcia Militar para discutir o planejamento das opera\u00e7\u00f5es durante a folia.<\/p>\n<p>O encontro foi na tarde do \u00faltimo dia 23 e incluiu a presen\u00e7a de integrantes da Associa\u00e7\u00e3o de Moradores do Lago das Roseiras, local de concentra\u00e7\u00e3o de banhistas na regi\u00e3o de Divin\u00f3polis e palco recente de diversas opera\u00e7\u00f5es de Preven\u00e7\u00e3o Aqu\u00e1tica, policiamento e fiscaliza\u00e7\u00e3o.  <\/p>\n<p>A atua\u00e7\u00e3o conjunta entre o Corpo de Bombeiros e os outros \u00f3rg\u00e3os de seguran\u00e7a tem por objetivo garantir a seguran\u00e7a e bem-estar dos frequentadores. Segundo o Comandante da 1\u00aa Companhia Operacional do 10\u00ba BBM, Capit\u00e3o Ulisses \u00e9 necess\u00e1rio, tamb\u00e9m, colabora\u00e7\u00e3o e maior prud\u00eancia dos pr\u00f3prios banhistas para garantir uma divers\u00e3o segura.<\/p>\n<p>No Leste de Minas, a reciclagem dos bombeiros est\u00e1 sendo coordenada pelo 6\u00ba Batalh\u00e3o, com sede em Governador Valadares. As mat\u00e9rias abrangem atendimento pr\u00e9-hospitalar, No\u00e7\u00f5es de Direito e de Processo de Seguran\u00e7a Contra Inc\u00eandio e P\u00e2nico, al\u00e9m de salvamento aqu\u00e1tico, com treinamento de nata\u00e7\u00e3o, abordagem \u00e0 v\u00edtima, t\u00e9cnicas de apneia e tamb\u00e9m uma avalia\u00e7\u00e3o de desempenho.<\/p>\n<p>J\u00e1 em Uberl\u00e2ndia, no Tri\u00e2ngulo Mineiro, o 5\u00ba Batalh\u00e3o de Bombeiros, tamb\u00e9m est\u00e1 investindo na qualifica\u00e7\u00e3o de guarda-vidas que poder\u00e3o atuar em clubes, cachoeiras e outros locais.  J\u00e1 foram qualificados 19 profissionais que receberam uma certifica\u00e7\u00e3o do Corpo de Bombeiros. (Ag\u00eancia Minas)<\/p>\n","protected":false},"excerpt":{"rendered":"<p>Foco do Corpo de Bombeiros Militar de Minas Gerais ser\u00e1 a preven\u00e7\u00e3o aos afogamentos e acidentes nas estradas mineiras O Corpo de Bombeiros Militar de Minas Gerais j\u00e1 intensificou a sua prepara\u00e7\u00e3o para atua\u00e7\u00e3o durante o Carnaval 2015. O trabalho, que ser\u00e1 desenvolvido de 13 a 18 de fevereiro, ter\u00e1 como foco as atividades de [&hellip;]<\/p>\n","protected":false},"author":1,"featured_media":51309,"comment_status":"open","ping_status":"closed","sticky":false,"template":"","format":"standard","meta":{"amp_status":"","footnotes":""},"categories":[123],"tags":[31705,29700,628,31706,197,198,199,247,204,205,210,2230,254,2533,28278,221],"class_list":["post-51308","post","type-post","status-publish","format-standard","has-post-thumbnail","hentry","category-gerais","tag-bombeiros-intensificam-preparativos-para-a-operacao-carnaval-2015","tag-carnaval-2015","tag-conceicao-do-mato-dentro","tag-corpo-de-bombeiros-de-minas-gerais","tag-curvelo","tag-diamantina","tag-divinopolis","tag-governador-valadares","tag-janauba","tag-januaria","tag-montes-claros","tag-morro-do-pilar","tag-pirapora","tag-santana-do-riacho","tag-taquaracu-de-minas","tag-uberlandia"],"_links":{"self":[{"href":"https:\/\/aconteceunovale.com.br\/portal\/index.php?rest_route=\/wp\/v2\/posts\/51308","targetHints":{"allow":["GET"]}}],"collection":[{"href":"https:\/\/aconteceunovale.com.br\/portal\/index.php?rest_route=\/wp\/v2\/posts"}],"about":[{"href":"https:\/\/aconteceunovale.com.br\/portal\/index.php?rest_route=\/wp\/v2\/types\/post"}],"author":[{"embeddable":true,"href":"https:\/\/aconteceunovale.com.br\/portal\/index.php?rest_route=\/wp\/v2\/users\/1"}],"replies":[{"embeddable":true,"href":"https:\/\/aconteceunovale.com.br\/portal\/index.php?rest_route=%2Fwp%2Fv2%2Fcomments&post=51308"}],"version-history":[{"count":0,"href":"https:\/\/aconteceunovale.com.br\/portal\/index.php?rest_route=\/wp\/v2\/posts\/51308\/revisions"}],"wp:featuredmedia":[{"embeddable":true,"href":"https:\/\/aconteceunovale.com.br\/portal\/index.php?rest_route=\/wp\/v2\/media\/51309"}],"wp:attachment":[{"href":"https:\/\/aconteceunovale.com.br\/portal\/index.php?rest_route=%2Fwp%2Fv2%2Fmedia&parent=51308"}],"wp:term":[{"taxonomy":"category","embeddable":true,"href":"https:\/\/aconteceunovale.com.br\/portal\/index.php?rest_route=%2Fwp%2Fv2%2Fcategories&post=51308"},{"taxonomy":"post_tag","embeddable":true,"href":"https:\/\/aconteceunovale.com.br\/portal\/index.php?rest_route=%2Fwp%2Fv2%2Ftags&post=51308"}],"curies":[{"name":"wp","href":"https:\/\/api.w.org\/{rel}","templated":true}]}}