{"id":51259,"date":"2015-01-29T18:15:35","date_gmt":"2015-01-29T21:15:35","guid":{"rendered":"http:\/\/aconteceunovale.com.br\/portal\/?p=51259"},"modified":"2015-01-29T18:16:21","modified_gmt":"2015-01-29T21:16:21","slug":"governador-sobrevoa-regioes-de-minas-gerais-e-cobra-esforcos-para-a-reducao-no-consumo-de-agua","status":"publish","type":"post","link":"https:\/\/aconteceunovale.com.br\/portal\/?p=51259","title":{"rendered":"Governador sobrevoa regi\u00f5es de Minas Gerais e cobra esfor\u00e7os para a redu\u00e7\u00e3o no consumo de \u00e1gua"},"content":{"rendered":"<h4><strong><em>Em Tr\u00eas Marias, na regi\u00e3o Central, Fernando Pimentel falou sobre as medidas emergenciais adotadas e frisou que o governo teve de iniciar o trabalho praticamente \u201cdo zero\u201d.<\/em><\/strong><\/h4>\n<p>O governador de Minas Gerais, Fernando Pimentel, sobrevoou nesta quinta-feira (29) o sistema de abastecimento de \u00e1gua da Regi\u00e3o Metropolitana de Belo Horizonte (RMBH) e a Usina Hidrel\u00e9trica de Tr\u00eas Marias, na regi\u00e3o Central do Estado. A agenda faz parte das medidas iniciais para enfrentar o problema da gest\u00e3o de \u00e1gua no estado.<\/p>\n<p><img decoding=\"async\" src=\"http:\/\/aconteceunovale.com.br\/portal\/wp-content\/uploads\/2015\/01\/situacao_agua_mg_29_1_1.jpg\" alt=\"\" \/><em>Represa de Tr\u00eas Marias est\u00e1 com apenas 10% de sua capacidade &#8211; Foto: Manoel Marques\/Ag\u00eancia Minas<\/em><br \/>\n<\/br><\/p>\n<p>Ap\u00f3s a vistoria a\u00e9rea em Tr\u00eas Marias, o governador, em entrevista coletiva na Pra\u00e7a do \u00cdndio, no Complexo da Usina Hidrel\u00e9trica, ressaltou o trabalho priorit\u00e1rio de momento: conversar com lideran\u00e7as pol\u00edticas, sociais e empresariais de cada lugar, de cada regi\u00e3o, para identificar o que \u00e9 poss\u00edvel fazer e, em seguida, adotar todas as medidas necess\u00e1rias com total transpar\u00eancia.<\/p>\n<p>\u201cEstamos com um problema grave na RMBH. J\u00e1 tomamos as medidas iniciais necess\u00e1rias, mas estamos com problemas em muitos outros munic\u00edpios do Estado, especialmente no Norte do Estado. Mais de 100 munic\u00edpios j\u00e1 em estado de emerg\u00eancia, passando por racionamento ou rod\u00edzio. E a situa\u00e7\u00e3o caminha para o aumento desse n\u00famero\u201d, refor\u00e7ou Pimentel.<\/p>\n<p>De acordo com o governador, a situa\u00e7\u00e3o da represa \u00e9 grave, pois opera com apenas 10% de sua capacidade. Al\u00e9m disso, a preocupa\u00e7\u00e3o \u00e9 alta tamb\u00e9m com a popula\u00e7\u00e3o, propriedades rurais e planta\u00e7\u00f5es afetadas diretamente pela severa estiagem nesta regi\u00e3o do Estado. A previs\u00e3o, segundo estimativas do departamento meteorol\u00f3gico da Companhia Energ\u00e9tica de Minas Gerais (Cemig), \u00e9 de pouca chuva para este ano, o que complica ainda mais o quadro.<\/p>\n<p>\u201cIsso significa que o uso vai ter que ser muito controlado. A meta da Cemig \u00e9 chegar ao final do ano, na pr\u00f3xima esta\u00e7\u00e3o de chuvas, com cerca de 5% da capacidade do reservat\u00f3rio\u201d, disse o governador, chamando a aten\u00e7\u00e3o para este que seria o \u00edndice mais baixo da hist\u00f3ria da represa. \u201cEsta \u00e9 a preocupa\u00e7\u00e3o. Fizemos essa visita e o sobrevoo e vamos nos reunir com os t\u00e9cnicos, separadamente, para conversar e ver quais s\u00e3o as medidas necess\u00e1rias\u201d, completou.<\/p>\n<p><img decoding=\"async\" src=\"http:\/\/aconteceunovale.com.br\/portal\/wp-content\/uploads\/2015\/01\/situacao_agua_mg_29_1_2.jpg\" alt=\"\" \/><em>Represa de Tr\u00eas Marias est\u00e1 com apenas 10% de sua capacidade &#8211; Foto: Manoel Marques\/Ag\u00eancia Minas<\/em><br \/>\n<\/br><\/p>\n<h4>Controle gerencial<\/h4>\n<p>O governador Fernando Pimentel destacou o esfor\u00e7o da Cemig na condu\u00e7\u00e3o da quest\u00e3o, com o monitoramento dos reservat\u00f3rios, refor\u00e7ado pelo permanente entendimento com a Ag\u00eancia Nacional de Energia El\u00e9trica (Aneel). O presidente da Cemig, Mauro Borges, tamb\u00e9m falou sobre a possibilidade de desabastecimento e de baixa no fornecimento de energia el\u00e9trica.<\/p>\n<p>\u201cNo caso do sistema el\u00e9trico, ele \u00e9 coordenado e planejado nacionalmente, n\u00e3o em n\u00edvel estadual. Nesse sentido, o operador nacional do sistema [Aneel] \u00e9 extremamente eficiente e exerce um n\u00edvel de coordena\u00e7\u00e3o muito afinado. Nesse caso, o setor el\u00e9trico, que tem um forte planejamento nacional, tem risco praticamente zero de ter um colapso. O grande foco das aten\u00e7\u00f5es, nesse primeiro momento, \u00e9 a quest\u00e3o do abastecimento de \u00e1gua\u201d, explicou.<\/p>\n<p>Dadas as condi\u00e7\u00f5es e a previsibilidade at\u00e9 o final do ano, Borges afirmou que a previs\u00e3o \u00e9 a de terminar este ano com reservat\u00f3rio em torno de 5%, o que est\u00e1 dentro do planejamento. \u201cO sistema est\u00e1 organizado para isso. Estamos preparados para poder usar de uma forma absolutamente racional o reservat\u00f3rio e chegar ao n\u00edvel de 5% dentro de todos os par\u00e2metros de previsibilidade poss\u00edveis nesse momento\u201d, concluiu.<\/p>\n<h4>Participa\u00e7\u00e3o de todos<\/h4>\n<p>Fernando Pimentel enfatizou tamb\u00e9m a campanha de incentivo e conscientiza\u00e7\u00e3o que est\u00e1 sendo feita junto \u00e0 popula\u00e7\u00e3o, como forma de atingir a redu\u00e7\u00e3o de 30% do consumo de \u00e1gua na RMBH e em munic\u00edpios onde a situa\u00e7\u00e3o est\u00e1 mais grave. \u201cN\u00e3o temos como aumentar a capta\u00e7\u00e3o e a vaz\u00e3o no sistema de abastecimento no curto prazo. No caso da RMBH, estamos com obras que v\u00e3o ser aceleradas na capta\u00e7\u00e3o do rio Paraopeba, mas s\u00f3 v\u00e3o produzir resultados em novembro. Ent\u00e3o, at\u00e9 l\u00e1, temos de reduzir o consumo\u201d, apontou.<\/p>\n<p>As primeiras provid\u00eancias para criar o mecanismo da sobretaxa tamb\u00e9m j\u00e1 foram tomadas. \u201cVamos ficar vigilantes. Temos um prazo de dois a tr\u00eas meses para a redu\u00e7\u00e3o fazer efeito, para haver de fato redu\u00e7\u00e3o no consumo. Se n\u00e3o houver, n\u00f3s vamos para medidas mais severas, como rod\u00edzio, racionamento e o que for necess\u00e1rio\u201d, explicou.<\/p>\n<h4>Desorganiza\u00e7\u00e3o administrativa<\/h4>\n<p>De forma muito franca, o governador Fernando Pimentel falou sobre a dificuldade de se fazer um diagn\u00f3stico da situa\u00e7\u00e3o, tendo em vista o que considera uma situa\u00e7\u00e3o de desorganiza\u00e7\u00e3o administrativa na gest\u00e3o anterior.<\/p>\n<p>\u201cAo contr\u00e1rio do que foi propagandeado no Estado e no pa\u00eds inteiro\u201d, questionou o governador, \u201ca gest\u00e3o anterior, nesse tempo todo, 12 anos para tr\u00e1s, n\u00e3o conseguiu deixar pronto nenhum plano de conting\u00eancia geral elaborado, modelado, para que a gente enfrentasse uma situa\u00e7\u00e3o como essa agora\u201d.<\/p>\n<p>Mesmo com a disponibilidade expressiva de \u00f3rg\u00e3os estaduais dedicados \u00e0 gest\u00e3o da \u00e1gua, como a Copasa, Instituto Mineiro de Gest\u00e3o das \u00c1guas (Igam), Ag\u00eancia Reguladora de Servi\u00e7os de Abastecimento de \u00c1gua e de Esgotamento Sanit\u00e1rio do Estado de Minas Gerais (Arsae-MG), al\u00e9m das Secretarias de Estado de Meio Ambiente e Desenvolvimento Sustent\u00e1vel, de Desenvolvimento Regional, Pol\u00edtica Urbana e Gest\u00e3o Metropolitana, nunca foi feito um levantamento como o que foi realizado agora.<\/p>\n<p>Na pr\u00e1tica, isso significa que o Estado n\u00e3o possui dados sobre a capacidade de reserva\u00e7\u00e3o de \u00e1gua em Minas Gerais, nem mesmo informa\u00e7\u00f5es somadas dos reservat\u00f3rios da Copasa, dos reservat\u00f3rios de sistemas aut\u00f4nomos de \u00e1gua e esgoto (cerca de 200 munic\u00edpios), al\u00e9m de reservat\u00f3rios da pr\u00f3pria Cemig (que podem ser usados para abastecimento em situa\u00e7\u00f5es emergenciais) e de reservat\u00f3rios particulares de muitas propriedades.<\/p>\n<p>\u201cEsse \u00e9 um levantamento b\u00e1sico. O Governo do Estado deveria ter isso em m\u00e3os, saber qual \u00e9 a capacidade. N\u00e3o tem, nunca foi feito. Houve, claramente, um problema grave de gest\u00e3o no Estado de Minas Gerais. Injustific\u00e1vel, inexplic\u00e1vel para quem ficou 12 anos no governo. Isso tinha  que ter sido feito, \u00e9 obriga\u00e7\u00e3o do Estado, que deveria ter esses dados em m\u00e3os para enfrentar uma situa\u00e7\u00e3o de emerg\u00eancia\u201d, criticou.<\/p>\n<p>Por essa raz\u00e3o, o governador falou sobre o dif\u00edcil esfor\u00e7o iniciado nestes primeiros dias de governo. \u201cEstamos come\u00e7ando praticamente do zero, essa \u00e9 a verdade. Temos que ser justos com o povo mineiro. Estamos fazendo levantamentos, olhando dados. Vamos ter que mapear tudo, fazer o diagn\u00f3stico inicial e depois um plano de conting\u00eancia\u201d, explicou.<\/p>\n<p>De acordo com o governador, a Copasa e o Igam j\u00e1 est\u00e3o trabalhando nessa dire\u00e7\u00e3o, al\u00e9m de j\u00e1 ter sido criada uma for\u00e7a-tarefa, com o decreto que envolve 12 \u00f3rg\u00e3os de governo, coordenados pela Secretaria de Estado de Planejamento e Gest\u00e3o (Seplag). \u201cDigo com sinceridade: n\u00e3o esperava encontrar a situa\u00e7\u00e3o que encontrei em Minas Gerais. N\u00e3o tem gest\u00e3o da \u00e1gua. Se existiu, era de p\u00e9ssima qualidade\u201d, finalizou. <\/p>\n<p><img decoding=\"async\" src=\"http:\/\/aconteceunovale.com.br\/portal\/wp-content\/uploads\/2015\/01\/situacao_agua_mg_29_1_3.jpg\" alt=\"\" \/><em>Represa de Tr\u00eas Marias est\u00e1 com apenas 10% de sua capacidade &#8211; Foto: Manoel Marques\/Ag\u00eancia Minas<\/em><br \/>\n<\/br><\/p>\n<p><img decoding=\"async\" src=\"http:\/\/aconteceunovale.com.br\/portal\/wp-content\/uploads\/2015\/01\/situacao_agua_mg_29_1_4.jpg\" alt=\"\" \/><em>Represa de Tr\u00eas Marias est\u00e1 com apenas 10% de sua capacidade &#8211; Foto: Manoel Marques\/Ag\u00eancia Minas<\/em><br \/>\n<\/br><\/p>\n<p><img decoding=\"async\" src=\"http:\/\/aconteceunovale.com.br\/portal\/wp-content\/uploads\/2015\/01\/situacao_agua_mg_29_1_5.jpg\" alt=\"\" \/><em>Represa de Tr\u00eas Marias est\u00e1 com apenas 10% de sua capacidade &#8211; Foto: Manoel Marques\/Ag\u00eancia Minas<\/em><br \/>\n<\/br><\/p>\n<p><em><strong>(Ag\u00eancia Minas)<\/strong><\/em><\/p>\n","protected":false},"excerpt":{"rendered":"<p>Em Tr\u00eas Marias, na regi\u00e3o Central, Fernando Pimentel falou sobre as medidas emergenciais adotadas e frisou que o governo teve de iniciar o trabalho praticamente \u201cdo zero\u201d. O governador de Minas Gerais, Fernando Pimentel, sobrevoou nesta quinta-feira (29) o sistema de abastecimento de \u00e1gua da Regi\u00e3o Metropolitana de Belo Horizonte (RMBH) e a Usina Hidrel\u00e9trica [&hellip;]<\/p>\n","protected":false},"author":1,"featured_media":51260,"comment_status":"open","ping_status":"closed","sticky":false,"template":"","format":"standard","meta":{"amp_status":"","footnotes":""},"categories":[123],"tags":[26918,194,347,1018,12826,31641,31647,31646,23516,18655,31642,31643,31645,31644,1533,12424],"class_list":["post-51259","post","type-post","status-publish","format-standard","has-post-thumbnail","hentry","category-gerais","tag-aneel","tag-belo-horizonte","tag-cemig","tag-destaque","tag-fernando-pimentel","tag-governador-sobrevoa-regioes-de-minas-gerais-e-cobra-esforcos-para-a-reducao-no-consumo-de-agua","tag-nivel-da-represa-de-tres-marias","tag-nivel-dos-reservatorios-que-abastecem-a-regiao-de-belo-horizonte","tag-regiao-metropolitana-de-belo-horizonte","tag-rmbh","tag-sistema-de-abastecimento-de-agua-da-regiao-metropolitana-de-belo-horizonte","tag-situacao-da-agua-em-minas","tag-situacao-da-agua-na-regiao-de-belo-horizonte","tag-situacao-da-represa-de-tres-marias","tag-tres-marias","tag-usina-hidreletrica-de-tres-marias"],"_links":{"self":[{"href":"https:\/\/aconteceunovale.com.br\/portal\/index.php?rest_route=\/wp\/v2\/posts\/51259","targetHints":{"allow":["GET"]}}],"collection":[{"href":"https:\/\/aconteceunovale.com.br\/portal\/index.php?rest_route=\/wp\/v2\/posts"}],"about":[{"href":"https:\/\/aconteceunovale.com.br\/portal\/index.php?rest_route=\/wp\/v2\/types\/post"}],"author":[{"embeddable":true,"href":"https:\/\/aconteceunovale.com.br\/portal\/index.php?rest_route=\/wp\/v2\/users\/1"}],"replies":[{"embeddable":true,"href":"https:\/\/aconteceunovale.com.br\/portal\/index.php?rest_route=%2Fwp%2Fv2%2Fcomments&post=51259"}],"version-history":[{"count":0,"href":"https:\/\/aconteceunovale.com.br\/portal\/index.php?rest_route=\/wp\/v2\/posts\/51259\/revisions"}],"wp:featuredmedia":[{"embeddable":true,"href":"https:\/\/aconteceunovale.com.br\/portal\/index.php?rest_route=\/wp\/v2\/media\/51260"}],"wp:attachment":[{"href":"https:\/\/aconteceunovale.com.br\/portal\/index.php?rest_route=%2Fwp%2Fv2%2Fmedia&parent=51259"}],"wp:term":[{"taxonomy":"category","embeddable":true,"href":"https:\/\/aconteceunovale.com.br\/portal\/index.php?rest_route=%2Fwp%2Fv2%2Fcategories&post=51259"},{"taxonomy":"post_tag","embeddable":true,"href":"https:\/\/aconteceunovale.com.br\/portal\/index.php?rest_route=%2Fwp%2Fv2%2Ftags&post=51259"}],"curies":[{"name":"wp","href":"https:\/\/api.w.org\/{rel}","templated":true}]}}