{"id":51255,"date":"2015-01-29T14:35:20","date_gmt":"2015-01-29T17:35:20","guid":{"rendered":"http:\/\/aconteceunovale.com.br\/portal\/?p=51255"},"modified":"2015-01-29T14:35:20","modified_gmt":"2015-01-29T17:35:20","slug":"hospital-de-itamarandiba-nao-sera-fechado-e-hmgfg-assumira-os-plantoes-medicos","status":"publish","type":"post","link":"https:\/\/aconteceunovale.com.br\/portal\/?p=51255","title":{"rendered":"Hospital de Itamarandiba n\u00e3o ser\u00e1 fechado e HMGFG assumir\u00e1 os plant\u00f5es m\u00e9dicos"},"content":{"rendered":"<h4><strong><em>Hospital Municipal Geraldo Ferreira Gandra assumir\u00e1 os plant\u00f5es de urg\u00eancia e emerg\u00eancia a partir de 1\u00ba de fevereiro.<\/em><\/strong><\/h4>\n<p>Nos \u00faltimos meses muito se falou da reestrutura\u00e7\u00e3o hospitalar do munic\u00edpio de Itamarandiba, em especial \u00e0 cerca da mudan\u00e7a, a partir de 1\u00ba de fevereiro, dos plant\u00f5es de urg\u00eancia e emerg\u00eancia do Hospital de Itamarandiba (HI), administrado pela Loja Ma\u00e7\u00f4nica Esperan\u00e7a do Vale 15, para o Hospital Municipal Geraldo Ferreira Gandra (HMGFG), administrado pela Prefeitura. Pensamentos e posicionamentos foram distorcidos e criou-se at\u00e9 a ideia de que o Hospital de Itamarandiba seria fechado. <\/p>\n<p>Com intuito de explicar a necessidade e relev\u00e2ncia da mudan\u00e7a, bem como trazer a verdade \u00e0 popula\u00e7\u00e3o e funcion\u00e1rios de ambos os hospitais, a Prefeitura de Itamarandiba e Secretaria Municipal de Sa\u00fade realizaram, nessa quarta-feira, 28 de janeiro, no Plen\u00e1rio da C\u00e2mara Municipal, uma audi\u00eancia p\u00fablica para que o assunto fosse debatido e esclarecido de maneira objetiva.<\/p>\n<p><img decoding=\"async\" src=\"http:\/\/aconteceunovale.com.br\/portal\/wp-content\/uploads\/2015\/01\/reuniao_hm_ita_29_1.jpg\" alt=\"\" \/><em>Reuni\u00e3o realizada no Plen\u00e1rio da C\u00e2mara Municipal de Itamarandiba &#8211; Foto: Ernane Frois \/ Divulga\u00e7\u00e3o<\/em><br \/>\n<\/br><\/p>\n<p>Fizeram-se presente ao evento o Prefeito de Itamarandiba, Sr. Erildo Gomes, o Vice-prefeito, Valdessi Fernandes, Secret\u00e1ria Municipal de Sa\u00fade, Aida Santos, Diretora Administrativa do Hospital Municipal, Ana Paula Campos, Presidente da C\u00e2mara Municipal, Sr. Eduardo Moreira, vereadores, m\u00e9dicos, representantes de institui\u00e7\u00f5es religiosas, associa\u00e7\u00f5es comunit\u00e1rias e de grupos pol\u00edticos, al\u00e9m de grande participa\u00e7\u00e3o da sociedade civil. Gestores do Hospital de Itamarandiba foram convidados, contudo, n\u00e3o compareceram ao evento.<\/p>\n<p>Os participantes apresentaram relatos preocupantes, apontando, entre outras situa\u00e7\u00f5es, a falta de recursos tecnol\u00f3gicos e humanos no Hospital de Itamarandiba. Um dos m\u00e9dicos presentes \u00e0 audi\u00eancia, Dr. Andr\u00e9 Viotti, explicou que ao longo dos anos o HI tem passado por dificuldades financeiras imensas. Segundo ele, tais problemas fizeram com que a institui\u00e7\u00e3o trabalhasse com um corpo t\u00e9cnico reduzid\u00edssimo com profissionais assumindo duas ou tr\u00eas fun\u00e7\u00f5es pelas quais nem sempre possuem qualifica\u00e7\u00e3o apropriada. \u201cNo m\u00eas de janeiro o Hospital de Itamarandiba informou \u00e0 prefeitura que n\u00e3o teria condi\u00e7\u00f5es de assumir as urg\u00eancias cl\u00ednicas e obst\u00e9tricas que chegassem ao plant\u00e3o por falta de m\u00e9dicos. Deste modo, para assegurar atendimento \u00e0 popula\u00e7\u00e3o \u00e9 necess\u00e1rio que o Hospital Municipal permane\u00e7a de plant\u00e3o nos dias pares e \u00edmpares.\u201d, mencionou o m\u00e9dico Dr. Andr\u00e9 Viotti.<\/p>\n<p>A Secret\u00e1ria Municipal de Sa\u00fade, Aida Santos, informou que, em um of\u00edcio enviado pela dire\u00e7\u00e3o do HI, foi salientado que a institui\u00e7\u00e3o n\u00e3o tinha condi\u00e7\u00f5es financeiras para manter uma escala m\u00ednima de especialista para um plant\u00e3o de urg\u00eancia e emerg\u00eancia. Ao contrario disso, a Secret\u00e1ria assegurou que, atualmente, o Hospital Municipal, disp\u00f5e de uma equipe t\u00e9cnica de m\u00e9dicos cl\u00ednicos e especialistas capacitada para oferecer um atendimento de qualidade para a popula\u00e7\u00e3o. \u201cHoje, esta mudan\u00e7a que propomos pode n\u00e3o agradar a todos, mas sabemos que \u00e9 a \u00fanica sa\u00edda para a situa\u00e7\u00e3o hospitalar do nosso munic\u00edpio. Acredito que essa mudan\u00e7a trar\u00e1 mais qualidade para a popula\u00e7\u00e3o e futuramente isso ser\u00e1 vis\u00edvel, como colocam os materiais t\u00e9cnicos que tratam sobre o assunto.\u201d, diz.<\/p>\n<p>Advertindo que os dois hospitais do munic\u00edpio n\u00e3o possuem taxa de ocupa\u00e7\u00e3o m\u00ednima necess\u00e1ria para manuten\u00e7\u00e3o de alguns recursos e de pleitear outros, o Prefeito, Erildo Gomes, explicou que com o atual modelo de aten\u00e7\u00e3o hospitalar, o Governo do Estado j\u00e1 o informou que n\u00e3o investir\u00e1 na estrutura dos hospitais de Itamarandiba. Sendo assim, Gomes refor\u00e7a que algumas medidas s\u00e3o extremamente necess\u00e1rias. \u201cSei que esta atitude \u00e9 anti-pol\u00edtica porque n\u00e3o agrada a todos, mas, toda decis\u00e3o, mesmo que seja para o bem, tem \u00f4nus. No entanto, diante das circunst\u00e2ncias me vejo na intoler\u00e2ncia de permanecer na zona de conforto. Sei que tantos que passaram pelo meu cargo visualizaram esta necessidade, contudo, n\u00e3o quiseram arriscar.\u201d, desabafou. <\/p>\n<p>O Prefeito aproveitou para salientar que o Hospital de Itamarandiba n\u00e3o ser\u00e1 mais porta aberta para os plant\u00f5es, mas, que continuar\u00e1 a receber os pacientes encaminhados pelo Hospital Municipal e pacientes com exames eletivos. Nesse sentido, Gomes fez quest\u00e3o de dizer: \u201cAo contr\u00e1rio do que foi dito por muitos, o Hospital de Itamarandiba n\u00e3o ser\u00e1 fechado. Ele continuar\u00e1 a atender ao SUS, por\u00e9m, de forma controlada e atender\u00e1 aos pacientes de conv\u00eanios e particulares normalmente, como sempre ocorreu.\u201d.<\/p>\n<p>A mudan\u00e7a dos plant\u00f5es de urg\u00eancia e emerg\u00eancia do Hospital de Itamarandiba para o Hospital Municipal criou na popula\u00e7\u00e3o algumas d\u00favidas, as quais puderam ser sanadas durante a audi\u00eancia. A plateia lotou o Plen\u00e1rio da C\u00e2mara e n\u00e3o se absteve em fazer perguntas. Dentre elas, referente ao futuro de alguns funcion\u00e1rios do HI, tendo muitos deles mais de 25 anos de carreira. O Vereador, Valdir Santos, prop\u00f4s que o executivo municipal elaborasse projeto de Lei no qual tais funcion\u00e1rios tivessem prioridade em uma futura contrata\u00e7\u00e3o de servidores para o Hospital Municipal. Proposta esta muito bem aceita pelo Prefeito Erildo Gomes, o qual, se comprometendo em observar a legalidade do termo, fez quest\u00e3o de argumentar que o Hospital de Itamarandiba, seus funcion\u00e1rios e diretoria sempre trabalharam lado a lado da Prefeitura na busca de melhorias para a sa\u00fade do munic\u00edpio. Sendo assim, Gomes refor\u00e7ou que o povo de Itamarandiba deve um agradecimento muito especial ao HI e completou: \u201cn\u00f3s n\u00e3o estamos aqui para prejudicar ningu\u00e9m. O que for poss\u00edvel fazer por esses funcion\u00e1rios ser\u00e1 feito. Foi \u00e0 necessidade de mudar o quadro hospitalar de Itamarandiba, visando a melhoria da qualidade para a popula\u00e7\u00e3o e a redu\u00e7\u00e3o de erros, que me deu for\u00e7as para iniciar esta mudan\u00e7a t\u00e3o dif\u00edcil e muitas vezes postergada.\u201d, finalizou.<\/p>\n<p><em>(Ascom da Prefeitura de Itamarandiba)<\/em><\/p>\n","protected":false},"excerpt":{"rendered":"<p>Hospital Municipal Geraldo Ferreira Gandra assumir\u00e1 os plant\u00f5es de urg\u00eancia e emerg\u00eancia a partir de 1\u00ba de fevereiro. Nos \u00faltimos meses muito se falou da reestrutura\u00e7\u00e3o hospitalar do munic\u00edpio de Itamarandiba, em especial \u00e0 cerca da mudan\u00e7a, a partir de 1\u00ba de fevereiro, dos plant\u00f5es de urg\u00eancia e emerg\u00eancia do Hospital de Itamarandiba (HI), administrado [&hellip;]<\/p>\n","protected":false},"author":1,"featured_media":51256,"comment_status":"open","ping_status":"closed","sticky":false,"template":"","format":"standard","meta":{"amp_status":"","footnotes":""},"categories":[120],"tags":[31636,31637,31634,4909,149,31635,31638,31639],"class_list":["post-51255","post","type-post","status-publish","format-standard","has-post-thumbnail","hentry","category-jequi","tag-hmgfg","tag-hospital-de-itamarandiba","tag-hospital-de-itamarandiba-nao-sera-fechado-e-hmgfg-assumira-os-plantoes-medicos","tag-hospital-municipal-geraldo-ferreira-gandra","tag-itamarandiba","tag-loja-maconica-esperanca-do-vale-15","tag-saude-em-itamarandiba","tag-situacao-dos-hospitais-de-itamarandiba"],"_links":{"self":[{"href":"https:\/\/aconteceunovale.com.br\/portal\/index.php?rest_route=\/wp\/v2\/posts\/51255","targetHints":{"allow":["GET"]}}],"collection":[{"href":"https:\/\/aconteceunovale.com.br\/portal\/index.php?rest_route=\/wp\/v2\/posts"}],"about":[{"href":"https:\/\/aconteceunovale.com.br\/portal\/index.php?rest_route=\/wp\/v2\/types\/post"}],"author":[{"embeddable":true,"href":"https:\/\/aconteceunovale.com.br\/portal\/index.php?rest_route=\/wp\/v2\/users\/1"}],"replies":[{"embeddable":true,"href":"https:\/\/aconteceunovale.com.br\/portal\/index.php?rest_route=%2Fwp%2Fv2%2Fcomments&post=51255"}],"version-history":[{"count":0,"href":"https:\/\/aconteceunovale.com.br\/portal\/index.php?rest_route=\/wp\/v2\/posts\/51255\/revisions"}],"wp:featuredmedia":[{"embeddable":true,"href":"https:\/\/aconteceunovale.com.br\/portal\/index.php?rest_route=\/wp\/v2\/media\/51256"}],"wp:attachment":[{"href":"https:\/\/aconteceunovale.com.br\/portal\/index.php?rest_route=%2Fwp%2Fv2%2Fmedia&parent=51255"}],"wp:term":[{"taxonomy":"category","embeddable":true,"href":"https:\/\/aconteceunovale.com.br\/portal\/index.php?rest_route=%2Fwp%2Fv2%2Fcategories&post=51255"},{"taxonomy":"post_tag","embeddable":true,"href":"https:\/\/aconteceunovale.com.br\/portal\/index.php?rest_route=%2Fwp%2Fv2%2Ftags&post=51255"}],"curies":[{"name":"wp","href":"https:\/\/api.w.org\/{rel}","templated":true}]}}