{"id":51247,"date":"2015-01-29T09:52:31","date_gmt":"2015-01-29T12:52:31","guid":{"rendered":"http:\/\/aconteceunovale.com.br\/portal\/?p=51247"},"modified":"2015-01-29T09:52:31","modified_gmt":"2015-01-29T12:52:31","slug":"secretaria-de-educacao-abre-dialogo-com-representantes-do-movimento-estudantil-mineiro","status":"publish","type":"post","link":"https:\/\/aconteceunovale.com.br\/portal\/?p=51247","title":{"rendered":"Secretaria de Educa\u00e7\u00e3o abre di\u00e1logo com representantes do movimento estudantil mineiro"},"content":{"rendered":"<h4><strong><em>Estudantes apresentam propostas para melhorar o ensino m\u00e9dio e reivindicam participa\u00e7\u00e3o nas tomadas de decis\u00e3o<\/em><\/strong><\/h4>\n<p>Ao dar continuidade \u00e0 agenda de di\u00e1logo com os diversos setores sociais da educa\u00e7\u00e3o, a secret\u00e1ria de Estado de Educa\u00e7\u00e3o, Maca\u00e9 Evaristo, reuniu-se com estudantes de escolas p\u00fablicas do Estado que integram a dire\u00e7\u00e3o da Uni\u00e3o Colegial de Minas Gerais (UCMG).  Foram discutidos temas como a infraestrutura escolar, a reestrutura\u00e7\u00e3o do ensino m\u00e9dio, a educa\u00e7\u00e3o profissional e o passe livre para estudantes da regi\u00e3o metropolitana.<\/p>\n<p><img decoding=\"async\" src=\"http:\/\/aconteceunovale.com.br\/portal\/wp-content\/uploads\/2015\/01\/secretaria-de-educacao-abre-dialogo-com-representantes-do-movimento-estudantil-mineiro.jpg\" alt=\"\" \/><em>Secret\u00e1ria discute propostas para o ensino m\u00e9dio com estudantes &#8211; Foto: Renato Cobucci\/Ag\u00eancia Minas<\/em><br \/>\n<\/br><\/p>\n<p>A secret\u00e1ria Maca\u00e9 Evaristo afirmou que  os estudantes apresentaram demandas importantes e demonstraram preocupa\u00e7\u00e3o com a qualidade do ensino na rede. \u201cDemonstraram-se preocupados com a infraestrutura das escolas, inclusive propondo o desenvolvimento de um plano de trabalho com esse foco. Tamb\u00e9m destacaram uma preocupa\u00e7\u00e3o dos estudantes mineiros, mas que \u00e9 tamb\u00e9m dos estudantes de todo o pa\u00eds, no que se refere \u00e0 reestrutura\u00e7\u00e3o do ensino m\u00e9dio\u201d disse a secret\u00e1ria.<\/p>\n<p>De acordo com o presidente da Uni\u00e3o Colegial de Minas Gerais, Francisco Faria, a pol\u00edtica pedag\u00f3gica para os tr\u00eas \u00faltimos anos da educa\u00e7\u00e3o b\u00e1sica deve ser constru\u00edda de forma coletiva e com a participa\u00e7\u00e3o dos estudantes. \u201cA maioria do corpo da comunidade escolar \u00e9 composta por estudantes. Ent\u00e3o, n\u00e3o \u00e9 justo que a gente n\u00e3o participe das decis\u00f5es que far\u00e3o parte da din\u00e2mica pedag\u00f3gica\u201d ressaltou.<\/p>\n<p>A Uni\u00e3o Colegial de Minas Gerais (UCMG) \u00e9 uma entidade estadual vinculada \u00e0 Uni\u00e3o Brasileira dos Estudantes Secundaristas (UBES). Representa os estudantes de todas as escolas de ensino fundamental, m\u00e9dio, t\u00e9cnico, profissionalizante e pr\u00e9-vestibular do Brasil. A reuni\u00e3o contou ainda com a presen\u00e7a do presidente da Uni\u00e3o Municipal dos Estudantes Secundaristas de Contagem, Lucas Guedes, e com o presidente da Uni\u00e3o Municipal dos Estudantes Secundaristas de Betim, Fernando Macieira.<\/p>\n<h4>Caminho para a qualidade<\/h4>\n<p>Para Francisco Faria, a primeira agenda com a nova gest\u00e3o da Secretaria de Estado de Educa\u00e7\u00e3o apresentou um saldo positivo. \u201cN\u00f3s sa\u00edmos daqui muito felizes, porque sabemos que agora a gente pode dialogar. A Secretaria de Educa\u00e7\u00e3o de Minas Gerais se mostrou totalmente aberta para discutir os problemas da escola p\u00fablica mineira. Esperamos que muitas coisas sejam constru\u00eddas em conjunto\u201d avaliou.<\/p>\n<p>A constru\u00e7\u00e3o coletiva das pol\u00edticas p\u00fablicas para o ensino em Minas Gerais \u00e9 apontada por Maca\u00e9 Evaristo como o caminho para a qualidade do ensino. \u201cRealizamos reuni\u00f5es com os diferentes movimentos sociais que estamos recebendo aqui na Secretaria. Vamos construir uma agenda permanente de di\u00e1logo. Para melhorar a educa\u00e7\u00e3o p\u00fablica em nosso Estado, n\u00f3s precisamos da participa\u00e7\u00e3o de todos\u201d, destacou a secret\u00e1ria. (Ag\u00eancia Minas)<\/p>\n","protected":false},"excerpt":{"rendered":"<p>Estudantes apresentam propostas para melhorar o ensino m\u00e9dio e reivindicam participa\u00e7\u00e3o nas tomadas de decis\u00e3o Ao dar continuidade \u00e0 agenda de di\u00e1logo com os diversos setores sociais da educa\u00e7\u00e3o, a secret\u00e1ria de Estado de Educa\u00e7\u00e3o, Maca\u00e9 Evaristo, reuniu-se com estudantes de escolas p\u00fablicas do Estado que integram a dire\u00e7\u00e3o da Uni\u00e3o Colegial de Minas Gerais [&hellip;]<\/p>\n","protected":false},"author":1,"featured_media":51248,"comment_status":"open","ping_status":"closed","sticky":false,"template":"","format":"standard","meta":{"amp_status":"","footnotes":""},"categories":[123],"tags":[31621,31625,31624,31629,28366,31620,31619,31627,31622,31626,31623,31630,31628],"class_list":["post-51247","post","type-post","status-publish","format-standard","has-post-thumbnail","hentry","category-gerais","tag-estudantes-apresentam-propostas-para-melhorar-o-ensino-medio-e-reivindicam-participacao-nas-tomadas-de-decisao","tag-fernando-macieira","tag-francisco-faria","tag-lucas-guedes","tag-macae-evaristo","tag-movimento-estudantil-mineiro","tag-secretaria-de-educacao-abre-dialogo-com-representantes-do-movimento-estudantil-mineiro","tag-ubes","tag-ucmg","tag-uniao-brasileira-dos-estudantes-secundaristas","tag-uniao-colegial-de-minas-gerais","tag-uniao-municipal-dos-estudantes-secundaristas-de-betim","tag-uniao-municipal-dos-estudantes-secundaristas-de-contagem"],"_links":{"self":[{"href":"https:\/\/aconteceunovale.com.br\/portal\/index.php?rest_route=\/wp\/v2\/posts\/51247","targetHints":{"allow":["GET"]}}],"collection":[{"href":"https:\/\/aconteceunovale.com.br\/portal\/index.php?rest_route=\/wp\/v2\/posts"}],"about":[{"href":"https:\/\/aconteceunovale.com.br\/portal\/index.php?rest_route=\/wp\/v2\/types\/post"}],"author":[{"embeddable":true,"href":"https:\/\/aconteceunovale.com.br\/portal\/index.php?rest_route=\/wp\/v2\/users\/1"}],"replies":[{"embeddable":true,"href":"https:\/\/aconteceunovale.com.br\/portal\/index.php?rest_route=%2Fwp%2Fv2%2Fcomments&post=51247"}],"version-history":[{"count":0,"href":"https:\/\/aconteceunovale.com.br\/portal\/index.php?rest_route=\/wp\/v2\/posts\/51247\/revisions"}],"wp:featuredmedia":[{"embeddable":true,"href":"https:\/\/aconteceunovale.com.br\/portal\/index.php?rest_route=\/wp\/v2\/media\/51248"}],"wp:attachment":[{"href":"https:\/\/aconteceunovale.com.br\/portal\/index.php?rest_route=%2Fwp%2Fv2%2Fmedia&parent=51247"}],"wp:term":[{"taxonomy":"category","embeddable":true,"href":"https:\/\/aconteceunovale.com.br\/portal\/index.php?rest_route=%2Fwp%2Fv2%2Fcategories&post=51247"},{"taxonomy":"post_tag","embeddable":true,"href":"https:\/\/aconteceunovale.com.br\/portal\/index.php?rest_route=%2Fwp%2Fv2%2Ftags&post=51247"}],"curies":[{"name":"wp","href":"https:\/\/api.w.org\/{rel}","templated":true}]}}