{"id":51244,"date":"2015-01-29T09:42:51","date_gmt":"2015-01-29T12:42:51","guid":{"rendered":"http:\/\/aconteceunovale.com.br\/portal\/?p=51244"},"modified":"2015-01-29T09:43:17","modified_gmt":"2015-01-29T12:43:17","slug":"prefeitos-do-alto-jequitinhonha-debatem-saude-e-gestao-de-residuos-solidos","status":"publish","type":"post","link":"https:\/\/aconteceunovale.com.br\/portal\/?p=51244","title":{"rendered":"Prefeitos do Alto Jequitinhonha debatem sa\u00fade e gest\u00e3o de res\u00edduos s\u00f3lidos"},"content":{"rendered":"<h4><strong><em>Encontro foi realizado nos dias 19 e 26 de janeiro em Capelinha. Cons\u00f3rcio \u00e9 composto por nove prefeitos do Alto Jequitinhonha.<\/em><\/strong><\/h4>\n<p>Prefeitos de nove munic\u00edpios que comp\u00f5em o Cons\u00f3rcio Intermunicipal Multifinalit\u00e1rio do Alto Jequitinhonha, grupo dos res\u00edduos s\u00f3lidos do CIMAJE, estiveram reunidos nos dias 19 e 26 de Janeiro, em Capelinha, para debaterem assuntos em pauta de interesse dos munic\u00edpios. <\/p>\n<p>Durante a primeira reuni\u00e3o, a pauta dos res\u00edduos s\u00f3lidos foi a principal. Os prefeitos demonstraram preocupa\u00e7\u00e3o com a gest\u00e3o dos res\u00edduos s\u00f3lidos nos munic\u00edpios e ir\u00e3o tentar di\u00e1logo juntamente ao Governo de Minas. O CIMAJE solicitou audi\u00eancia com os Secret\u00e1rios de Estado de Meio Ambiente, Luiz S\u00e1vio Souza Cruz, Secret\u00e1rio do Estado de Desenvolvimento Regional, Pol\u00edtica Urbana e Gest\u00e3o Metropolitana (SEDRU), Tadeu Leite, e com o Secret\u00e1rio de Estado da Integra\u00e7\u00e3o do Norte e Nordeste de Minas Gerais, Paulo Guedes. <\/p>\n<p>Na segunda parte do encontro, realizado no dia 26 de Janeiro, a reuni\u00e3o contou com a presen\u00e7a dos Secret\u00e1rios Municipais de Sa\u00fade dos nove munic\u00edpios e dos Presidentes das Funda\u00e7\u00f5es Hospitalares dos Munic\u00edpios de Capelinha, Turmalina e Minas Novas. Os Secret\u00e1rios de Sa\u00fade e os presidentes das Funda\u00e7\u00f5es falaram das dificuldades enfrentadas pela Sa\u00fade desde o segundo semestre de 2014, quando o repasse de recursos do SUS sofreu atrasos, prejudicando o trabalho dos Hospitais e atrasando o pagamento de funcion\u00e1rios e fornecedores. <\/p>\n<p>O grupo \u00e9 composto pelos Prefeitos dos Munic\u00edpios de Capelinha, Angel\u00e2ndia, Aricanduva, Turmalina, Veredinha, Minas Novas, Jos\u00e9 Gon\u00e7alves de Minas, Leme do Prado e Chapada do Norte.<\/p>\n<p><img decoding=\"async\" src=\"http:\/\/aconteceunovale.com.br\/portal\/wp-content\/uploads\/2015\/01\/reuniao_cimaje_1.jpg\" alt=\"\" \/><em>Encontro foi realizado nos dias 19 e 26 de janeiro em Capelinha &#8211; Foto: Divulga\u00e7\u00e3o<\/em><\/p>\n","protected":false},"excerpt":{"rendered":"<p>Encontro foi realizado nos dias 19 e 26 de janeiro em Capelinha. Cons\u00f3rcio \u00e9 composto por nove prefeitos do Alto Jequitinhonha. Prefeitos de nove munic\u00edpios que comp\u00f5em o Cons\u00f3rcio Intermunicipal Multifinalit\u00e1rio do Alto Jequitinhonha, grupo dos res\u00edduos s\u00f3lidos do CIMAJE, estiveram reunidos nos dias 19 e 26 de Janeiro, em Capelinha, para debaterem assuntos em [&hellip;]<\/p>\n","protected":false},"author":1,"featured_media":51245,"comment_status":"open","ping_status":"closed","sticky":false,"template":"","format":"standard","meta":{"amp_status":"","footnotes":""},"categories":[120],"tags":[657,551,132,481,31615,31614,917,480,31616,137,31618,31617,28389,178,916],"class_list":["post-51244","post","type-post","status-publish","format-standard","has-post-thumbnail","hentry","category-jequi","tag-angelandia","tag-aricanduva","tag-capelinha","tag-chapada-do-norte","tag-cimaje","tag-consorcio-intermunicipal-multifinalitario-do-alto-jequitinhonha","tag-jose-goncalves-de-minas","tag-leme-do-prado","tag-luiz-savio-souza-cruz","tag-minas-novas","tag-prefeitos-do-alto-jequitinhonha-debatem-saude-e-gestao-de-residuos-solidos","tag-prefeitos-do-alto-jequitinhonha-debatem-saude-e-residuos-solidos","tag-tadeu-leite","tag-turmalina","tag-veredinha"],"_links":{"self":[{"href":"https:\/\/aconteceunovale.com.br\/portal\/index.php?rest_route=\/wp\/v2\/posts\/51244","targetHints":{"allow":["GET"]}}],"collection":[{"href":"https:\/\/aconteceunovale.com.br\/portal\/index.php?rest_route=\/wp\/v2\/posts"}],"about":[{"href":"https:\/\/aconteceunovale.com.br\/portal\/index.php?rest_route=\/wp\/v2\/types\/post"}],"author":[{"embeddable":true,"href":"https:\/\/aconteceunovale.com.br\/portal\/index.php?rest_route=\/wp\/v2\/users\/1"}],"replies":[{"embeddable":true,"href":"https:\/\/aconteceunovale.com.br\/portal\/index.php?rest_route=%2Fwp%2Fv2%2Fcomments&post=51244"}],"version-history":[{"count":0,"href":"https:\/\/aconteceunovale.com.br\/portal\/index.php?rest_route=\/wp\/v2\/posts\/51244\/revisions"}],"wp:featuredmedia":[{"embeddable":true,"href":"https:\/\/aconteceunovale.com.br\/portal\/index.php?rest_route=\/wp\/v2\/media\/51245"}],"wp:attachment":[{"href":"https:\/\/aconteceunovale.com.br\/portal\/index.php?rest_route=%2Fwp%2Fv2%2Fmedia&parent=51244"}],"wp:term":[{"taxonomy":"category","embeddable":true,"href":"https:\/\/aconteceunovale.com.br\/portal\/index.php?rest_route=%2Fwp%2Fv2%2Fcategories&post=51244"},{"taxonomy":"post_tag","embeddable":true,"href":"https:\/\/aconteceunovale.com.br\/portal\/index.php?rest_route=%2Fwp%2Fv2%2Ftags&post=51244"}],"curies":[{"name":"wp","href":"https:\/\/api.w.org\/{rel}","templated":true}]}}