{"id":51242,"date":"2015-01-29T09:34:18","date_gmt":"2015-01-29T12:34:18","guid":{"rendered":"http:\/\/aconteceunovale.com.br\/portal\/?p=51242"},"modified":"2015-01-29T09:34:18","modified_gmt":"2015-01-29T12:34:18","slug":"plantao-do-samu-no-norte-de-minas-gerais-28-de-janeiro-de-2015","status":"publish","type":"post","link":"https:\/\/aconteceunovale.com.br\/portal\/?p=51242","title":{"rendered":"Plant\u00e3o do Samu no Norte de Minas Gerais &#8211; 28 de janeiro de 2015"},"content":{"rendered":"<h4><em><strong>Quarta-feira, 28 de janeiro de 2015<\/strong><\/em><\/h4>\n<p>A unidade do SAMU de Montes Claros realizou na quarta-feira, 28 de janeiro, 58 atendimentos, sendo 42 casos cl\u00ednicos, 13 pessoas feridas e duas em \u00f3bito em acidentes de tr\u00e2nsito e uma crian\u00e7a de um ano e dois meses que se engasgou com pipoca.<\/p>\n<p>Por volta das 19 horas, a unidade do SAMU foi acionada para atendimento a v\u00edtimas de um capotamento de ve\u00edculo que seguia sentido Montes Claros, na BR-365. O motorista Richard Martins Rabelo, 41 anos, relata que um ve\u00edculo que seguia em sentido contr\u00e1rio aquaplanou, atingindo o carro que ele conduzia. Ele perdeu o controle da dire\u00e7\u00e3o e caiu numa ribanceira de cerca de 20 metros de altura. Cinco pessoas estavam no ve\u00edculo. Aparecida Pereira, 63 anos, e Francisca de Melo Pereira, 58 anos, ficaram feridas e foram encaminhadas para a Santa Casa. Richard foi liberado no local, ap\u00f3s avalia\u00e7\u00e3o. Os outros dois ocupantes do ve\u00edculo evadiram do local.<\/p>\n<p>Por volta das 19 horas, a unidade do SAMU foi acionada para atendimento a v\u00edtimas de um acidente ocorrido na BR-365, km 17, pr\u00f3ximo a Montes Claros, na \u00faltima quarta- feira (28\/01). Duas pessoas morreram e quatro ficaram feridas em uma colis\u00e3o entre dois ve\u00edculos. As duas v\u00edtimas fatais estavam em um ve\u00edculo que seguia sentido Pirapora\/Montes Claros. O condutor teria perdido o controle da dire\u00e7\u00e3o, invadiu a contram\u00e3o e foi atingido por outro ve\u00edculo que seguia sentido contr\u00e1rio. No outro ve\u00edculo, estavam o motorista e passageiro, que tamb\u00e9m ficaram feridos.<\/p>\n<p>Na quarta-feira tamb\u00e9m foram registrados seis acidentes envolvendo motocicleta e o SAMU tamb\u00e9m atendeu a uma crian\u00e7a de um ano e dois meses, que se engasgou com pipoca, por volta das 16h30, na Vila Guilhermina.<\/p>\n<p>Em todas as ocorr\u00eancias os feridos receberam os primeiros atendimentos no local e foram encaminhados ao hospital para avalia\u00e7\u00e3o.<\/p>\n","protected":false},"excerpt":{"rendered":"<p>Quarta-feira, 28 de janeiro de 2015 A unidade do SAMU de Montes Claros realizou na quarta-feira, 28 de janeiro, 58 atendimentos, sendo 42 casos cl\u00ednicos, 13 pessoas feridas e duas em \u00f3bito em acidentes de tr\u00e2nsito e uma crian\u00e7a de um ano e dois meses que se engasgou com pipoca. Por volta das 19 horas, [&hellip;]<\/p>\n","protected":false},"author":1,"featured_media":46383,"comment_status":"open","ping_status":"closed","sticky":false,"template":"","format":"standard","meta":{"amp_status":"","footnotes":""},"categories":[1236],"tags":[31612,31613,210,24659,24089,18898,18108,31610,31611,18629,21139,4040],"class_list":["post-51242","post","type-post","status-publish","format-standard","has-post-thumbnail","hentry","category-norte_de_minas","tag-aparecida-pereira","tag-francisca-de-melo-pereira","tag-montes-claros","tag-plantao-do-samu-de-montes-claros","tag-plantao-do-samu-do-norte-de-minas","tag-plantao-do-samu-macro-norte","tag-plantao-do-samu-no-norte-de-minas-gerais","tag-plantao-do-samu-no-norte-de-minas-gerais-28-de-janeiro-de-2015","tag-richard-martins-rabelo","tag-samu-de-montes-claros","tag-samu-do-norte-de-minas","tag-samu-macro-norte"],"_links":{"self":[{"href":"https:\/\/aconteceunovale.com.br\/portal\/index.php?rest_route=\/wp\/v2\/posts\/51242","targetHints":{"allow":["GET"]}}],"collection":[{"href":"https:\/\/aconteceunovale.com.br\/portal\/index.php?rest_route=\/wp\/v2\/posts"}],"about":[{"href":"https:\/\/aconteceunovale.com.br\/portal\/index.php?rest_route=\/wp\/v2\/types\/post"}],"author":[{"embeddable":true,"href":"https:\/\/aconteceunovale.com.br\/portal\/index.php?rest_route=\/wp\/v2\/users\/1"}],"replies":[{"embeddable":true,"href":"https:\/\/aconteceunovale.com.br\/portal\/index.php?rest_route=%2Fwp%2Fv2%2Fcomments&post=51242"}],"version-history":[{"count":0,"href":"https:\/\/aconteceunovale.com.br\/portal\/index.php?rest_route=\/wp\/v2\/posts\/51242\/revisions"}],"wp:featuredmedia":[{"embeddable":true,"href":"https:\/\/aconteceunovale.com.br\/portal\/index.php?rest_route=\/wp\/v2\/media\/46383"}],"wp:attachment":[{"href":"https:\/\/aconteceunovale.com.br\/portal\/index.php?rest_route=%2Fwp%2Fv2%2Fmedia&parent=51242"}],"wp:term":[{"taxonomy":"category","embeddable":true,"href":"https:\/\/aconteceunovale.com.br\/portal\/index.php?rest_route=%2Fwp%2Fv2%2Fcategories&post=51242"},{"taxonomy":"post_tag","embeddable":true,"href":"https:\/\/aconteceunovale.com.br\/portal\/index.php?rest_route=%2Fwp%2Fv2%2Ftags&post=51242"}],"curies":[{"name":"wp","href":"https:\/\/api.w.org\/{rel}","templated":true}]}}