{"id":51239,"date":"2015-01-29T09:29:52","date_gmt":"2015-01-29T12:29:52","guid":{"rendered":"http:\/\/aconteceunovale.com.br\/portal\/?p=51239"},"modified":"2015-01-29T09:29:52","modified_gmt":"2015-01-29T12:29:52","slug":"previsao-do-tempo-para-minas-gerais-nesta-quinta-feira-29-de-janeiro","status":"publish","type":"post","link":"https:\/\/aconteceunovale.com.br\/portal\/?p=51239","title":{"rendered":"Previs\u00e3o do tempo para Minas Gerais nesta quinta-feira, 29 de janeiro"},"content":{"rendered":"<h4><strong><em>Temperaturas em eleva\u00e7\u00e3o no Estado de Minas Gerais.<\/em><\/strong><\/h4>\n<p>Nesta quinta-feira, o tempo continua inst\u00e1vel sobre parte do Sudeste do pa\u00eds. Em Minas Gerais, o dia ser\u00e1 de c\u00e9u parcialmente nublado no Noroeste, Central, Tri\u00e2ngulo, Oeste, Sul, Campo das Vertentes e Zona da Mata e, a partir do final da tarde, h\u00e1 possibilidade de pancadas de chuva em pontos isolados, com raios e rajadas de vento.<\/p>\n<p>Na regi\u00e3o Metropolitana de Belo Horizonte, o dia ser\u00e1 de predom\u00ednio de sol, no entanto h\u00e1 risco de pancadas de chuva, em pontos isolados, a partir do final da tarde. Nas demais mesorregi\u00f5es, dia ensolarado, com poucas nuvens. Em todo o Estado as temperaturas estar\u00e3o em ligeira eleva\u00e7\u00e3o. Em Belo Horizonte, predom\u00ednio de sol pela manh\u00e3, gradativo aumento das nuvens no decorrer da tarde e pancadas de chuva, especialmente \u00e0 noite. Temperaturas em ligeira eleva\u00e7\u00e3o, com m\u00ednima registrada de 19\u00b0C e m\u00e1xima esperada de 32\u00b0C.<\/p>\n","protected":false},"excerpt":{"rendered":"<p>Temperaturas em eleva\u00e7\u00e3o no Estado de Minas Gerais. Nesta quinta-feira, o tempo continua inst\u00e1vel sobre parte do Sudeste do pa\u00eds. Em Minas Gerais, o dia ser\u00e1 de c\u00e9u parcialmente nublado no Noroeste, Central, Tri\u00e2ngulo, Oeste, Sul, Campo das Vertentes e Zona da Mata e, a partir do final da tarde, h\u00e1 possibilidade de pancadas de [&hellip;]<\/p>\n","protected":false},"author":1,"featured_media":15765,"comment_status":"open","ping_status":"closed","sticky":false,"template":"","format":"standard","meta":{"amp_status":"","footnotes":""},"categories":[123],"tags":[1956,1839,29257,31609],"class_list":["post-51239","post","type-post","status-publish","format-standard","has-post-thumbnail","hentry","category-gerais","tag-previsao-do-tempo","tag-previsao-do-tempo-para-minas-gerais","tag-previsao-do-tempo-para-minas-gerais-nesta-quinta-feira","tag-previsao-do-tempo-para-minas-gerais-nesta-quinta-feira-29-de-janeiro"],"_links":{"self":[{"href":"https:\/\/aconteceunovale.com.br\/portal\/index.php?rest_route=\/wp\/v2\/posts\/51239","targetHints":{"allow":["GET"]}}],"collection":[{"href":"https:\/\/aconteceunovale.com.br\/portal\/index.php?rest_route=\/wp\/v2\/posts"}],"about":[{"href":"https:\/\/aconteceunovale.com.br\/portal\/index.php?rest_route=\/wp\/v2\/types\/post"}],"author":[{"embeddable":true,"href":"https:\/\/aconteceunovale.com.br\/portal\/index.php?rest_route=\/wp\/v2\/users\/1"}],"replies":[{"embeddable":true,"href":"https:\/\/aconteceunovale.com.br\/portal\/index.php?rest_route=%2Fwp%2Fv2%2Fcomments&post=51239"}],"version-history":[{"count":0,"href":"https:\/\/aconteceunovale.com.br\/portal\/index.php?rest_route=\/wp\/v2\/posts\/51239\/revisions"}],"wp:featuredmedia":[{"embeddable":true,"href":"https:\/\/aconteceunovale.com.br\/portal\/index.php?rest_route=\/wp\/v2\/media\/15765"}],"wp:attachment":[{"href":"https:\/\/aconteceunovale.com.br\/portal\/index.php?rest_route=%2Fwp%2Fv2%2Fmedia&parent=51239"}],"wp:term":[{"taxonomy":"category","embeddable":true,"href":"https:\/\/aconteceunovale.com.br\/portal\/index.php?rest_route=%2Fwp%2Fv2%2Fcategories&post=51239"},{"taxonomy":"post_tag","embeddable":true,"href":"https:\/\/aconteceunovale.com.br\/portal\/index.php?rest_route=%2Fwp%2Fv2%2Ftags&post=51239"}],"curies":[{"name":"wp","href":"https:\/\/api.w.org\/{rel}","templated":true}]}}