{"id":51233,"date":"2015-01-28T22:27:59","date_gmt":"2015-01-29T01:27:59","guid":{"rendered":"http:\/\/aconteceunovale.com.br\/portal\/?p=51233"},"modified":"2015-01-28T22:27:59","modified_gmt":"2015-01-29T01:27:59","slug":"duas-pessoas-morrem-e-sete-ficam-feridas-em-acidentes-no-norte-de-minas","status":"publish","type":"post","link":"https:\/\/aconteceunovale.com.br\/portal\/?p=51233","title":{"rendered":"Duas pessoas morrem e sete ficam feridas em acidentes no Norte de Minas"},"content":{"rendered":"<h4><strong><em>Em uma das ocorr\u00eancias um carro caiu em uma ribanceira de 20 metros. Na outra batida, no KM 17, motorista e passageiro de um carro morreram.<\/em><\/strong><\/h4>\n<p>Duas pessoas morreram e sete ficaram feridas em dois acidentes no in\u00edcio da noite desta quarta-feira, 28 de janeiro, na BR-365, pr\u00f3ximo a Montes Claros, na regi\u00e3o Norte de Minas Gerais.<\/p>\n<p>De acordo com informa\u00e7\u00f5es da Pol\u00edcia Rodovi\u00e1ria Federal, na altura do quil\u00f4metro 17, o condutor de um carro, que trafegava no sentido Pirapora\/Montes Claros, perdeu o controle da dire\u00e7\u00e3o, invadiu a contram\u00e3o e seu ve\u00edculo foi atingido por outro que seguia no sentido contr\u00e1rio. <\/p>\n<p>Com o impacto da batida, duas pessoas ficaram gravemente feridas e morreram. Outras duas foram socorridas e encaminhadas para atendimento m\u00e9dico em um hospital de Montes Claros.<\/p>\n<p>Em outra ocorr\u00eancia, desta vez no quil\u00f4metro 7, um carro que seguia sentido Montes Claros caiu em uma ribanceira, deixando cinco pessoas feridas. Segundo o motorista Richard Rabelo, o carro que ele conduzia foi atingido por outro ve\u00edculo. \u201cO carro que seguia na minha frente aquaplanou e atingiu meu ve\u00edculo. Ca\u00edmos na ribanceira, mas gra\u00e7as a Deus estamos todos vivos\u201d, explica.<\/p>\n<p>De acordo com o Corpo de Bombeiros, o cinto de seguran\u00e7a pode ter salvado a vida das v\u00edtimas. \u201cEsta ribanceira aqui tem cerca de 20 metros e, com certeza, o cinto contribuiu para que todas sa\u00edssem vivas\u201d, afirma o tenente Lauro Fonseca.<\/p>\n<p><img decoding=\"async\" src=\"http:\/\/aconteceunovale.com.br\/portal\/wp-content\/uploads\/2015\/01\/acidente_moc_28_1.jpg\" alt=\"\" \/><em>Carro caiu em ribanceira e deixou cinco pessoas feridas na BR-365 (Foto: Valdivan Veloso\/G1)<\/em><br \/>\n<\/br><\/p>\n<p><strong><em>(Fonte: Inter TV Grande Minas)<\/em><\/strong><\/p>\n","protected":false},"excerpt":{"rendered":"<p>Em uma das ocorr\u00eancias um carro caiu em uma ribanceira de 20 metros. Na outra batida, no KM 17, motorista e passageiro de um carro morreram. Duas pessoas morreram e sete ficaram feridas em dois acidentes no in\u00edcio da noite desta quarta-feira, 28 de janeiro, na BR-365, pr\u00f3ximo a Montes Claros, na regi\u00e3o Norte de [&hellip;]<\/p>\n","protected":false},"author":1,"featured_media":51234,"comment_status":"open","ping_status":"closed","sticky":false,"template":"","format":"standard","meta":{"amp_status":"","footnotes":""},"categories":[1236],"tags":[16673,31601,31603,31604,31602,31600,31599],"class_list":["post-51233","post","type-post","status-publish","format-standard","has-post-thumbnail","hentry","category-norte_de_minas","tag-acidente-em-montes-claros","tag-acidente-na-br-365","tag-duas-pessoas-morrem-e-sete-ficam-feridas-em-acidentes-em-montes-claros","tag-duas-pessoas-morrem-e-sete-ficam-feridas-em-acidentes-na-br-365","tag-duas-pessoas-morrem-e-sete-ficam-feridas-em-acidentes-no-norte-de-minas","tag-lauro-fonseca","tag-richard-rabelo"],"_links":{"self":[{"href":"https:\/\/aconteceunovale.com.br\/portal\/index.php?rest_route=\/wp\/v2\/posts\/51233","targetHints":{"allow":["GET"]}}],"collection":[{"href":"https:\/\/aconteceunovale.com.br\/portal\/index.php?rest_route=\/wp\/v2\/posts"}],"about":[{"href":"https:\/\/aconteceunovale.com.br\/portal\/index.php?rest_route=\/wp\/v2\/types\/post"}],"author":[{"embeddable":true,"href":"https:\/\/aconteceunovale.com.br\/portal\/index.php?rest_route=\/wp\/v2\/users\/1"}],"replies":[{"embeddable":true,"href":"https:\/\/aconteceunovale.com.br\/portal\/index.php?rest_route=%2Fwp%2Fv2%2Fcomments&post=51233"}],"version-history":[{"count":0,"href":"https:\/\/aconteceunovale.com.br\/portal\/index.php?rest_route=\/wp\/v2\/posts\/51233\/revisions"}],"wp:featuredmedia":[{"embeddable":true,"href":"https:\/\/aconteceunovale.com.br\/portal\/index.php?rest_route=\/wp\/v2\/media\/51234"}],"wp:attachment":[{"href":"https:\/\/aconteceunovale.com.br\/portal\/index.php?rest_route=%2Fwp%2Fv2%2Fmedia&parent=51233"}],"wp:term":[{"taxonomy":"category","embeddable":true,"href":"https:\/\/aconteceunovale.com.br\/portal\/index.php?rest_route=%2Fwp%2Fv2%2Fcategories&post=51233"},{"taxonomy":"post_tag","embeddable":true,"href":"https:\/\/aconteceunovale.com.br\/portal\/index.php?rest_route=%2Fwp%2Fv2%2Ftags&post=51233"}],"curies":[{"name":"wp","href":"https:\/\/api.w.org\/{rel}","templated":true}]}}