{"id":51229,"date":"2015-01-28T21:10:08","date_gmt":"2015-01-29T00:10:08","guid":{"rendered":"http:\/\/aconteceunovale.com.br\/portal\/?p=51229"},"modified":"2015-01-28T21:10:08","modified_gmt":"2015-01-29T00:10:08","slug":"governo-de-minas-implanta-pauta-bovina-regionalizada","status":"publish","type":"post","link":"https:\/\/aconteceunovale.com.br\/portal\/?p=51229","title":{"rendered":"Governo de Minas implanta pauta bovina regionalizada"},"content":{"rendered":"<h4><strong><em>Sistema que estabelece valores m\u00ednimos de refer\u00eancia por arroba em cada regi\u00e3o poder\u00e1 ser acessado pelo site da Secretaria da Agricultura.<\/em><\/strong><\/h4>\n<p>A partir de primeiro de fevereiro, a pauta bovina ser\u00e1 disponibilizada no site da\u00a0<a href=\"http:\/\/www.agricultura.mg.gov.br\/\" target=\"_blank\">Secretaria de Agricultura, Pecu\u00e1ria e Abastecimento (Seapa)<\/a>, com os valores por arroba praticados em cada regi\u00e3o do estado. A pauta bovina estabelece os valores m\u00ednimos de refer\u00eancia utilizados para a base de c\u00e1lculo do Imposto sobre circula\u00e7\u00e3o de Mercadorias e Servi\u00e7os (ICMS) nas opera\u00e7\u00f5es com gado bovino e bufalinos. A pauta estar\u00e1 dispon\u00edvel no site para consulta no primeiro dia \u00fatil de cada m\u00eas e ser\u00e1 atualizada quinzenalmente.<\/p>\n<p>Para a realiza\u00e7\u00e3o desse trabalho, foi estabelecido um Termo de Coopera\u00e7\u00e3o T\u00e9cnica entre o\u00a0<a href=\"http:\/\/www.mg.gov.br\/\" target=\"_blank\">Governo de Minas<\/a>, representado pela Secretarias de Estado de\u00a0<a href=\"http:\/\/www.fazenda.mg.gov.br\/\" target=\"_blank\">Fazenda (SEF)<\/a>\u00a0e de\u00a0<a href=\"http:\/\/www.agricultura.mg.gov.br\/\" target=\"_blank\">Agricultura, Pecu\u00e1ria e Abastecimento (Seapa<\/a>) e a Federa\u00e7\u00e3o da Agricultura e Pecu\u00e1ria do Estado de Minas Gerais (Faemg). Segundo o Superintendente de Pol\u00edtica e Economia Agr\u00edcola da Seapa, Jo\u00e3o Ricardo Albanez, a nova metodologia leva em considera\u00e7\u00e3o as peculiaridades de cada regi\u00e3o produtora e viabiliza o estabelecimento dos valores m\u00ednimos de refer\u00eancia para comercializa\u00e7\u00e3o do rebanho.<\/p>\n<p>\u201cA pauta com os valores unificados para todas as regi\u00f5es pecuaristas apresentava algumas distor\u00e7\u00f5es que n\u00e3o eram compat\u00edveis com a realidade, uma vez que h\u00e1 diferen\u00e7as consider\u00e1veis (dos sistemas de produ\u00e7\u00e3o, da gen\u00e9tica do animal, do com\u00e9rcio, dentre outras) entre as regi\u00f5es em rela\u00e7\u00e3o ao pre\u00e7o e ao peso do animal comercializado\u201d, explica o Superintendente.<\/p>\n<p>De acordo com o Analista de Agroneg\u00f3cio da Faemg, Wallisson Lara Fonseca, o levantamento dos dados ser\u00e1 feito pela institui\u00e7\u00e3o, com o apoio dos 400 sindicatos filiados, principalmente aqueles envolvidos com a pecu\u00e1ria de corte em suas regi\u00f5es. \u201cEssas informa\u00e7\u00f5es ser\u00e3o repassadas quinzenalmente, analisadas pelos t\u00e9cnicos da Emater-MG e consolidadas para a publica\u00e7\u00e3o no portal da Secretaria de Agricultura\u201d, afirma.<\/p>\n<p>Os valores publicados no portal da Seapa v\u00e3o facilitar as opera\u00e7\u00f5es com o gado bovino e subsidiar a Secretaria de Estado da Fazenda na ado\u00e7\u00e3o da pauta de valores m\u00ednimos a serem consignados em notas fiscais avulsas emitidas por meio do Sistema Integrado de Administra\u00e7\u00e3o da Receita Estadual (Siare) nas opera\u00e7\u00f5es com os animais.<\/p>\n<p>A pauta bovina ser\u00e1 disponibilizada no\u00a0<a href=\"http:\/\/www.agricultura.mg.gov.br\/\" target=\"_blank\">www.agricultura.mg.gov.br<\/a>\u00a0na se\u00e7\u00e3o Agrodados\/relat\u00f3rios\/pecu\u00e1ria ou clicando no banner \u201cPauta Bovina\u201d no rodap\u00e9 da p\u00e1gina inicial. (Ag\u00eancia Minas)<\/p>\n","protected":false},"excerpt":{"rendered":"<p>Sistema que estabelece valores m\u00ednimos de refer\u00eancia por arroba em cada regi\u00e3o poder\u00e1 ser acessado pelo site da Secretaria da Agricultura. A partir de primeiro de fevereiro, a pauta bovina ser\u00e1 disponibilizada no site da\u00a0Secretaria de Agricultura, Pecu\u00e1ria e Abastecimento (Seapa), com os valores por arroba praticados em cada regi\u00e3o do estado. A pauta bovina [&hellip;]<\/p>\n","protected":false},"author":1,"featured_media":51230,"comment_status":"open","ping_status":"closed","sticky":false,"template":"","format":"standard","meta":{"amp_status":"","footnotes":""},"categories":[123],"tags":[31598,31597,31594,31596,31595],"class_list":["post-51229","post","type-post","status-publish","format-standard","has-post-thumbnail","hentry","category-gerais","tag-cotacao-preco-de-bovinos-minas-gerais","tag-governo-de-minas-implanta-pauta-bovina-regionalizada","tag-pauta-bovina-minas-gerais","tag-preco-de-bovinos-em-minas-gerais","tag-preco-do-gado-minas-gerais"],"_links":{"self":[{"href":"https:\/\/aconteceunovale.com.br\/portal\/index.php?rest_route=\/wp\/v2\/posts\/51229","targetHints":{"allow":["GET"]}}],"collection":[{"href":"https:\/\/aconteceunovale.com.br\/portal\/index.php?rest_route=\/wp\/v2\/posts"}],"about":[{"href":"https:\/\/aconteceunovale.com.br\/portal\/index.php?rest_route=\/wp\/v2\/types\/post"}],"author":[{"embeddable":true,"href":"https:\/\/aconteceunovale.com.br\/portal\/index.php?rest_route=\/wp\/v2\/users\/1"}],"replies":[{"embeddable":true,"href":"https:\/\/aconteceunovale.com.br\/portal\/index.php?rest_route=%2Fwp%2Fv2%2Fcomments&post=51229"}],"version-history":[{"count":0,"href":"https:\/\/aconteceunovale.com.br\/portal\/index.php?rest_route=\/wp\/v2\/posts\/51229\/revisions"}],"wp:featuredmedia":[{"embeddable":true,"href":"https:\/\/aconteceunovale.com.br\/portal\/index.php?rest_route=\/wp\/v2\/media\/51230"}],"wp:attachment":[{"href":"https:\/\/aconteceunovale.com.br\/portal\/index.php?rest_route=%2Fwp%2Fv2%2Fmedia&parent=51229"}],"wp:term":[{"taxonomy":"category","embeddable":true,"href":"https:\/\/aconteceunovale.com.br\/portal\/index.php?rest_route=%2Fwp%2Fv2%2Fcategories&post=51229"},{"taxonomy":"post_tag","embeddable":true,"href":"https:\/\/aconteceunovale.com.br\/portal\/index.php?rest_route=%2Fwp%2Fv2%2Ftags&post=51229"}],"curies":[{"name":"wp","href":"https:\/\/api.w.org\/{rel}","templated":true}]}}