{"id":51226,"date":"2015-01-28T20:09:10","date_gmt":"2015-01-28T23:09:10","guid":{"rendered":"http:\/\/aconteceunovale.com.br\/portal\/?p=51226"},"modified":"2015-01-28T20:09:10","modified_gmt":"2015-01-28T23:09:10","slug":"mananciais-da-regiao-metropolitana-de-bh-podem-secar-ate-agosto-alerta-diretor-da-copasa","status":"publish","type":"post","link":"https:\/\/aconteceunovale.com.br\/portal\/?p=51226","title":{"rendered":"Mananciais da Regi\u00e3o Metropolitana de BH podem secar at\u00e9 agosto, alerta diretor da Copasa"},"content":{"rendered":"<h4><strong><em>Segundo diretoria da empresa, se n\u00e3o chover o suficiente em 2015, sistema de abastecimento entrar\u00e1 em colapso.<\/em><\/strong><\/h4>\n<p>O diretor de Opera\u00e7\u00f5es Metropolitanas da Copasa, R\u00f4mulo Thom\u00e1z Perille, afirmou aos deputados da Comiss\u00e3o de Direitos Humanos da Assembleia Legislativa de Minas Gerais (ALMG) que se o \u00edndice de chuvas na Regi\u00e3o Metropolitana de Belo Horizonte (RMBH) este ano n\u00e3o for superior ao registrado em 2014, os mananciais podem secar completamente at\u00e9 o m\u00eas de agosto. A declara\u00e7\u00e3o foi dada em audi\u00eancia p\u00fablica realizada nesta quarta-feira (28\/1\/15).<\/p>\n<p>De acordo com o representante da Copasa, a situa\u00e7\u00e3o dos reservat\u00f3rios do Estado \u00e9 grav\u00edssima. Ele explicou que os mananciais est\u00e3o deteriorados e o \u00edndice dos armazenamento \u00e9 de apenas 30%, enquanto em anos anteriores superava os 70%. \u201cA a\u00e7\u00e3o imediata para controlarmos o problema \u00e9 a redu\u00e7\u00e3o do consumo pela popula\u00e7\u00e3o. Sobretaxas, rod\u00edzios de fornecimento e racionamento ainda podem ser adotados\u201d, alertou. Al\u00e9m de contar com o apoio da sociedade, Perille afirmou que ser\u00e1 implantado um plano de conting\u00eancia que contempla a perfura\u00e7\u00e3o de novos po\u00e7os artesianos, a amplia\u00e7\u00e3o da capta\u00e7\u00e3o nas nascentes e a busca de pontos de vazamento e desperd\u00edcio.<\/p>\n<p>O vice-presidente da Copasa, Ant\u00f4nio C\u00e9sar Pires Miranda J\u00fanior, refor\u00e7ou as palavras do diretor de opera\u00e7\u00f5es e destacou que a nova gest\u00e3o da empresa pretende se pautar pela transpar\u00eancia e pela prote\u00e7\u00e3o social dos seus colaboradores. Ele tamb\u00e9m destacou que a situa\u00e7\u00e3o da \u00e1gua em Minas Gerais \u00e9 cr\u00edtica e n\u00e3o ser\u00e1 totalmente resolvida em curto prazo.<\/p>\n<p>\u201cO plano de conting\u00eancia ser\u00e1 adotado e o governador Fernando Pimentel est\u00e1 buscando apoio da Uni\u00e3o para que o trabalho tenha in\u00edcio o quanto antes\u201d, disse Ant\u00f4nio C\u00e9sar. Ao lembrar que n\u00e3o houve planejamento da empresa nos \u00faltimos anos, ele tamb\u00e9m n\u00e3o descartou a possibilidade de racionamento ou sobretaxa pelo mal uso da \u00e1gua.<\/p>\n<h4>Deputados cobram fiscaliza\u00e7\u00e3o da minera\u00e7\u00e3o<\/h4>\n<p>O presidente da comiss\u00e3o, deputado Durval \u00c2ngelo (PT), disse que a crise da \u00e1gua \u00e9 global, mas alertou que os minerodutos t\u00eam agravado o problema em Minas Gerais. \u201c\u00c1gua vale mais que min\u00e9rio. Venho denunciando o risco de falta de \u00e1gua h\u00e1 mais de 20 anos na comiss\u00e3o e, em 2014, o prefeito de Belo Horizonte M\u00e1rcio Lacerda recha\u00e7ou esses alertas. Agora n\u00e3o h\u00e1 como esconder a crise\u201d, salientou.<\/p>\n<p>O deputado Rog\u00e9rio Correia (PT) apontou a m\u00e1 gest\u00e3o e a falta de chuvas como as causas da crise h\u00eddrica do Estado. Ele sugeriu a cria\u00e7\u00e3o de uma Secretaria Extraordin\u00e1ria das \u00c1guas e defendeu a redu\u00e7\u00e3o da minera\u00e7\u00e3o, a ado\u00e7\u00e3o de a\u00e7\u00f5es que preservem os reservat\u00f3rios de \u00e1gua e um maior controle da irriga\u00e7\u00e3o na agricultura. \u201cO consumo maior n\u00e3o \u00e9 o residencial, e sim o da agropecu\u00e1ria. A popula\u00e7\u00e3o tem que ajudar, mas \u00e9 preciso rever o gasto nas lavouras\u201d, ponderou.<\/p>\n<p>O deputado F\u00e1bio Cherem (PSD) criticou a gest\u00e3o anterior da Copasa, que, segundo ele, n\u00e3o tratou a crise h\u00eddrica como deveria. Para ele, a escassez de chuva \u00e9 um fato, mas n\u00e3o foram feitas a\u00e7\u00f5es de conscientiza\u00e7\u00e3o e mobiliza\u00e7\u00e3o da sociedade. \u201cA gest\u00e3o da \u00e1gua agora ser\u00e1 radical, mas essa crise poderia ter sido evitada\u201d, afirmou.<\/p>\n<p>Os deputados Jo\u00e3o Leite (PSDB) e Duarte Bechir (PSD) discordaram das cr\u00edticas \u00e0 gest\u00e3o anterior da Copasa. Para eles, o antigo governo realizou a\u00e7\u00f5es e iniciativas que ser\u00e3o mantidas pela atual gest\u00e3o. Para ambos, o problema n\u00e3o \u00e9 apenas em Minas Gerais, mas nacional.<\/p>\n<p>A deputada eleita Mar\u00edlia Campos (PT), que tamb\u00e9m participou da reuni\u00e3o, defendeu que a popula\u00e7\u00e3o n\u00e3o pode arcar sozinha com todo o esfor\u00e7o pela economia de \u00e1gua. Ela acredita que a responsabilidade tem que ser dividida com outros setores da economia, como as ind\u00fastrias e a agropecu\u00e1ria.<\/p>\n<h4>Comiss\u00e3o cobra provid\u00eancias<\/h4>\n<p>Ao final da reuni\u00e3o, foram aprovados diversos requerimentos relativos \u00e0 crise h\u00eddrica. O deputado Durval \u00c2ngelo pede \u00e0 presidente da Rep\u00fablica que o Parque Nacional do Gandarela, que tem mananciais que abastecem a RMBH, incorpore outros 20% de \u00e1rea que ficaram de fora do seu decreto de cria\u00e7\u00e3o; que o Minist\u00e9rio do Meio Ambiente realize vistorias e fiscalize as a\u00e7\u00f5es das mineradoras que atuam na RMBH; e que a Mesa da ALMG crie uma comiss\u00e3o permanente das \u00c1guas.<\/p>\n<p>O deputado Rog\u00e9rio Correia pede a cria\u00e7\u00e3o da Secretaria Extraordin\u00e1ria das \u00c1guas, sem acarretar custos aos cofres p\u00fablicos, fazendo uso do corpo t\u00e9cnico da Copasa, para que se pense estrategicamente a gest\u00e3o da \u00e1gua no Estado.<\/p>\n<p>Finalmente, o deputado Duarte Bechir solicita \u00e0 presidente da Rep\u00fablica que isente as empresas de saneamento do pagamento de PIS e Cofins, de modo que essas companhias tenham mais recursos para investimento em gest\u00e3o da \u00e1gua.<strong> <em>(Fonte: ALMG)<\/em><\/strong><\/p>\n","protected":false},"excerpt":{"rendered":"<p>Segundo diretoria da empresa, se n\u00e3o chover o suficiente em 2015, sistema de abastecimento entrar\u00e1 em colapso. O diretor de Opera\u00e7\u00f5es Metropolitanas da Copasa, R\u00f4mulo Thom\u00e1z Perille, afirmou aos deputados da Comiss\u00e3o de Direitos Humanos da Assembleia Legislativa de Minas Gerais (ALMG) que se o \u00edndice de chuvas na Regi\u00e3o Metropolitana de Belo Horizonte (RMBH) [&hellip;]<\/p>\n","protected":false},"author":1,"featured_media":51227,"comment_status":"open","ping_status":"closed","sticky":false,"template":"","format":"standard","meta":{"amp_status":"","footnotes":""},"categories":[123],"tags":[372,752,31593,31591,179,31589,31592,31588,1829,23516,18655,31590,1914],"class_list":["post-51226","post","type-post","status-publish","format-standard","has-post-thumbnail","hentry","category-gerais","tag-administracao-publica","tag-almg","tag-antonio-cesar-pires-miranda-junior","tag-comissao-de-direitos-humanos-da-assembleia-legislativa-de-minas-gerais","tag-copasa","tag-diretor-de-operacoes-metropolitanas-da-copasa","tag-indice-de-chuvas-na-regiao-metropolitana-de-belo-horizonte","tag-mananciais-da-regiao-metropolitana-de-bh-podem-secar-ate-agosto","tag-meio-ambiente","tag-regiao-metropolitana-de-belo-horizonte","tag-rmbh","tag-romulo-thomaz-perille","tag-saneamento-basico"],"_links":{"self":[{"href":"https:\/\/aconteceunovale.com.br\/portal\/index.php?rest_route=\/wp\/v2\/posts\/51226","targetHints":{"allow":["GET"]}}],"collection":[{"href":"https:\/\/aconteceunovale.com.br\/portal\/index.php?rest_route=\/wp\/v2\/posts"}],"about":[{"href":"https:\/\/aconteceunovale.com.br\/portal\/index.php?rest_route=\/wp\/v2\/types\/post"}],"author":[{"embeddable":true,"href":"https:\/\/aconteceunovale.com.br\/portal\/index.php?rest_route=\/wp\/v2\/users\/1"}],"replies":[{"embeddable":true,"href":"https:\/\/aconteceunovale.com.br\/portal\/index.php?rest_route=%2Fwp%2Fv2%2Fcomments&post=51226"}],"version-history":[{"count":0,"href":"https:\/\/aconteceunovale.com.br\/portal\/index.php?rest_route=\/wp\/v2\/posts\/51226\/revisions"}],"wp:featuredmedia":[{"embeddable":true,"href":"https:\/\/aconteceunovale.com.br\/portal\/index.php?rest_route=\/wp\/v2\/media\/51227"}],"wp:attachment":[{"href":"https:\/\/aconteceunovale.com.br\/portal\/index.php?rest_route=%2Fwp%2Fv2%2Fmedia&parent=51226"}],"wp:term":[{"taxonomy":"category","embeddable":true,"href":"https:\/\/aconteceunovale.com.br\/portal\/index.php?rest_route=%2Fwp%2Fv2%2Fcategories&post=51226"},{"taxonomy":"post_tag","embeddable":true,"href":"https:\/\/aconteceunovale.com.br\/portal\/index.php?rest_route=%2Fwp%2Fv2%2Ftags&post=51226"}],"curies":[{"name":"wp","href":"https:\/\/api.w.org\/{rel}","templated":true}]}}