{"id":51218,"date":"2015-01-28T19:49:23","date_gmt":"2015-01-28T22:49:23","guid":{"rendered":"http:\/\/aconteceunovale.com.br\/portal\/?p=51218"},"modified":"2015-01-28T19:49:23","modified_gmt":"2015-01-28T22:49:23","slug":"numero-de-adolescentes-assassinados-entre-2013-e-2019-pode-passar-de-42-mil","status":"publish","type":"post","link":"https:\/\/aconteceunovale.com.br\/portal\/?p=51218","title":{"rendered":"N\u00famero de adolescentes assassinados entre 2013 e 2019 pode passar de 42 mil"},"content":{"rendered":"<p>Cerca de tr\u00eas em cada mil adolescentes que tinham 12 anos em 2012 correm o risco de serem assassinados antes de completar 19 anos. Os dados foram divulgados hoje (28) pela Secretaria de Direitos Humanos da Presid\u00eancia da Rep\u00fablica, em parceria com o Fundo das Na\u00e7\u00f5es Unidas para a Inf\u00e2ncia (Unicef), o Laborat\u00f3rio de Favelas e o Laborat\u00f3rio de An\u00e1lises de Viol\u00eancia da Universidade do Estado do Rio de Janeiro.<\/p>\n<p>As informa\u00e7\u00f5es se referem a cidades com ao menos 100 mil habitantes e apontam para mais de 42 mil homic\u00eddios de adolescentes de 12 anos a 18 anos entre 2013 e 2019. A pesquisa analisou dados de 2012 para compor o \u00cdndice de Homic\u00eddios na Adolesc\u00eancia (IHA), que estimou 3,32 mortes para cada mil habitantes nessa faixa et\u00e1ria. O indicador cresceu 17% em rela\u00e7\u00e3o a 2011 e foi o maior registrado desde 2005.<\/p>\n<p>Entre 2005 e 2007, a taxa caiu de 2,75 para 2,56, voltando a subir no ano seguinte. Em 2009, o indicador chegou perto de 3, com 2,98 \u00f3bitos para mil adolescentes nessa faixa et\u00e1ria, mas voltou a cair em 2011, para 2,84. Em 2012, pela primeira vez, a taxa superou os 3 pontos.<\/p>\n<p>Ao comparar regi\u00f5es do pa\u00eds, o \u00edndice aponta uma situa\u00e7\u00e3o quase tr\u00eas vezes pior no Nordeste que no Sudeste \u2013 regi\u00f5es que ocupam as duas pontas da taxa de homic\u00eddios. Enquanto o Nordeste tem a maior taxa \u2013 de 5,97 para cada mil, o Sudeste tem a menor \u2013 2,25 para cada mil.<\/p>\n<p>De acordo com a pesquisa, 36,5% das mortes de adolescentes s\u00e3o causadas por homic\u00eddios, enquanto na popula\u00e7\u00e3o em geral o percentual \u00e9 4,8%.<\/p>\n<p>Para mudar essa realidade, a Secretaria de Direitos Humanos anunciou a cria\u00e7\u00e3o de um Grupo de Trabalho Interministral que vai elaborar um Plano Nacional de Enfrentamento \u00e0 Viol\u00eancia Letal de Crian\u00e7as e Adolescentes. O plano vai se inserir nas propostas do governo federal para assumir a responsabilidade pela seguran\u00e7a p\u00fablica ao lado dos estados e munic\u00edpios. (Ag\u00eancia Brasil)<\/p>\n","protected":false},"excerpt":{"rendered":"<p>Cerca de tr\u00eas em cada mil adolescentes que tinham 12 anos em 2012 correm o risco de serem assassinados antes de completar 19 anos. Os dados foram divulgados hoje (28) pela Secretaria de Direitos Humanos da Presid\u00eancia da Rep\u00fablica, em parceria com o Fundo das Na\u00e7\u00f5es Unidas para a Inf\u00e2ncia (Unicef), o Laborat\u00f3rio de Favelas [&hellip;]<\/p>\n","protected":false},"author":1,"featured_media":45058,"comment_status":"open","ping_status":"closed","sticky":false,"template":"","format":"standard","meta":{"amp_status":"","footnotes":""},"categories":[6],"tags":[21231,241,31579,31578],"class_list":["post-51218","post","type-post","status-publish","format-standard","has-post-thumbnail","hentry","category-br","tag-adolescentes","tag-assassinatos","tag-indice-de-homicidios-na-adolescencia","tag-numero-de-adolescentes-assassinados-entre-2013-e-2019-pode-passar-de-42-mil"],"_links":{"self":[{"href":"https:\/\/aconteceunovale.com.br\/portal\/index.php?rest_route=\/wp\/v2\/posts\/51218","targetHints":{"allow":["GET"]}}],"collection":[{"href":"https:\/\/aconteceunovale.com.br\/portal\/index.php?rest_route=\/wp\/v2\/posts"}],"about":[{"href":"https:\/\/aconteceunovale.com.br\/portal\/index.php?rest_route=\/wp\/v2\/types\/post"}],"author":[{"embeddable":true,"href":"https:\/\/aconteceunovale.com.br\/portal\/index.php?rest_route=\/wp\/v2\/users\/1"}],"replies":[{"embeddable":true,"href":"https:\/\/aconteceunovale.com.br\/portal\/index.php?rest_route=%2Fwp%2Fv2%2Fcomments&post=51218"}],"version-history":[{"count":0,"href":"https:\/\/aconteceunovale.com.br\/portal\/index.php?rest_route=\/wp\/v2\/posts\/51218\/revisions"}],"wp:featuredmedia":[{"embeddable":true,"href":"https:\/\/aconteceunovale.com.br\/portal\/index.php?rest_route=\/wp\/v2\/media\/45058"}],"wp:attachment":[{"href":"https:\/\/aconteceunovale.com.br\/portal\/index.php?rest_route=%2Fwp%2Fv2%2Fmedia&parent=51218"}],"wp:term":[{"taxonomy":"category","embeddable":true,"href":"https:\/\/aconteceunovale.com.br\/portal\/index.php?rest_route=%2Fwp%2Fv2%2Fcategories&post=51218"},{"taxonomy":"post_tag","embeddable":true,"href":"https:\/\/aconteceunovale.com.br\/portal\/index.php?rest_route=%2Fwp%2Fv2%2Ftags&post=51218"}],"curies":[{"name":"wp","href":"https:\/\/api.w.org\/{rel}","templated":true}]}}