{"id":51210,"date":"2015-01-28T18:53:47","date_gmt":"2015-01-28T21:53:47","guid":{"rendered":"http:\/\/aconteceunovale.com.br\/portal\/?p=51210"},"modified":"2015-01-28T18:53:47","modified_gmt":"2015-01-28T21:53:47","slug":"divulgada-a-programacao-do-carnaval-de-berilo-2015","status":"publish","type":"post","link":"https:\/\/aconteceunovale.com.br\/portal\/?p=51210","title":{"rendered":"Divulgada a programa\u00e7\u00e3o do Carnaval de Berilo 2015"},"content":{"rendered":"<h4><strong><em>Programa\u00e7\u00e3o ter\u00e1 atra\u00e7\u00f5es durante o dia e a noite.<\/em><\/strong><\/h4>\n<p>A Prefeitura Municipal de Berilo realiza de 14 a 17 de fevereiro o Carnaberilo 2015. A programa\u00e7\u00e3o do evento inclui atra\u00e7\u00f5es durante o dia com blocos e som automotivo \u00e0s margens do Rio Ara\u00e7ua\u00ed, e a noite com shows na pra\u00e7a principal da cidade.<\/p>\n<p><img decoding=\"async\" src=\"http:\/\/aconteceunovale.com.br\/portal\/wp-content\/uploads\/2015\/01\/carnaberilo_15.jpg\" alt=\"\" \/><br \/>\n<\/br><\/p>\n<p>Confira abaixo a programa\u00e7\u00e3o:<\/p>\n<p>S\u00e1bado (14\/02):<br \/>\n&#8211; Som Automotivo no Rio Ara\u00e7ua\u00ed (Durante todo o dia)<br \/>\n&#8211; Shows com banda Barco a Vela e O Som dos Karas (Durante a noite)<\/p>\n<p>Domingo (15\/02):<br \/>\n&#8211; Bloco Ressaca (Durante a manh\u00e3)<br \/>\n&#8211; Som Automotivo no Rio Ara\u00e7ua\u00ed (Durante todo o dia)<br \/>\n&#8211; Shows com Jarley &#038; Banda e O Som dos Karas (Durante a noite)<\/p>\n<p>Segunda-feira (16\/02):<br \/>\n&#8211; Bloco Descid\u00e3o (Durante a tarde)<br \/>\n&#8211; Som Automotivo no Rio Ara\u00e7ua\u00ed (Durante todo o dia)<br \/>\n&#8211; Shows com Maria Juaquina e Serginho Massa (Durante a noite)<\/p>\n<p>Ter\u00e7a-feira (17\/02):<br \/>\n&#8211; Bloco Ressaca (Durante a manh\u00e3)<br \/>\n&#8211; Som Automotivo no Rio Ara\u00e7ua\u00ed (Durante todo o dia)<br \/>\n&#8211; Shows com Serginho Massa e Jailson Lopes (Durante a noite)<\/p>\n","protected":false},"excerpt":{"rendered":"<p>Programa\u00e7\u00e3o ter\u00e1 atra\u00e7\u00f5es durante o dia e a noite. A Prefeitura Municipal de Berilo realiza de 14 a 17 de fevereiro o Carnaberilo 2015. A programa\u00e7\u00e3o do evento inclui atra\u00e7\u00f5es durante o dia com blocos e som automotivo \u00e0s margens do Rio Ara\u00e7ua\u00ed, e a noite com shows na pra\u00e7a principal da cidade. Confira abaixo [&hellip;]<\/p>\n","protected":false},"author":1,"featured_media":51211,"comment_status":"open","ping_status":"closed","sticky":false,"template":"","format":"standard","meta":{"amp_status":"","footnotes":""},"categories":[125],"tags":[841,31570,31569,31571],"class_list":["post-51210","post","type-post","status-publish","format-standard","has-post-thumbnail","hentry","category-noticias","tag-berilo","tag-carnaberilo","tag-carnaberilo-2015","tag-divulgada-a-programacao-do-carnaval-de-berilo-2015"],"_links":{"self":[{"href":"https:\/\/aconteceunovale.com.br\/portal\/index.php?rest_route=\/wp\/v2\/posts\/51210","targetHints":{"allow":["GET"]}}],"collection":[{"href":"https:\/\/aconteceunovale.com.br\/portal\/index.php?rest_route=\/wp\/v2\/posts"}],"about":[{"href":"https:\/\/aconteceunovale.com.br\/portal\/index.php?rest_route=\/wp\/v2\/types\/post"}],"author":[{"embeddable":true,"href":"https:\/\/aconteceunovale.com.br\/portal\/index.php?rest_route=\/wp\/v2\/users\/1"}],"replies":[{"embeddable":true,"href":"https:\/\/aconteceunovale.com.br\/portal\/index.php?rest_route=%2Fwp%2Fv2%2Fcomments&post=51210"}],"version-history":[{"count":0,"href":"https:\/\/aconteceunovale.com.br\/portal\/index.php?rest_route=\/wp\/v2\/posts\/51210\/revisions"}],"wp:featuredmedia":[{"embeddable":true,"href":"https:\/\/aconteceunovale.com.br\/portal\/index.php?rest_route=\/wp\/v2\/media\/51211"}],"wp:attachment":[{"href":"https:\/\/aconteceunovale.com.br\/portal\/index.php?rest_route=%2Fwp%2Fv2%2Fmedia&parent=51210"}],"wp:term":[{"taxonomy":"category","embeddable":true,"href":"https:\/\/aconteceunovale.com.br\/portal\/index.php?rest_route=%2Fwp%2Fv2%2Fcategories&post=51210"},{"taxonomy":"post_tag","embeddable":true,"href":"https:\/\/aconteceunovale.com.br\/portal\/index.php?rest_route=%2Fwp%2Fv2%2Ftags&post=51210"}],"curies":[{"name":"wp","href":"https:\/\/api.w.org\/{rel}","templated":true}]}}