{"id":51194,"date":"2015-01-28T16:10:53","date_gmt":"2015-01-28T19:10:53","guid":{"rendered":"http:\/\/aconteceunovale.com.br\/portal\/?p=51194"},"modified":"2015-01-28T16:10:53","modified_gmt":"2015-01-28T19:10:53","slug":"caminhao-com-carga-de-veneno-tomba-na-descida-da-ponte-alta-em-turmalina","status":"publish","type":"post","link":"https:\/\/aconteceunovale.com.br\/portal\/?p=51194","title":{"rendered":"Caminh\u00e3o com carga de veneno tomba na descida da Ponte Alta em Turmalina"},"content":{"rendered":"<h4><strong><em>Motorista ficou ferido no acidente. A carga de veneno para formiga ficou espalhada no local.<\/em><\/strong><\/h4>\n<p>O motorista de um caminh\u00e3o ficou ferido em um acidente na manh\u00e3 desta quarta-feira, 28 de janeiro, na BR-367, na descida da Ponte Alta, no munic\u00edpio de Turmalina, no Vale do Jequitinhonha. Esse \u00e9 o segundo acidente envolvendo ve\u00edculos de carga em menos de tr\u00eas dias.<\/p>\n<p>De acordo com as primeiras informa\u00e7\u00f5es, um caminh\u00e3o carregado com veneno para formiga saiu da pista em uma curva e capotou \u00e0s margens da rodovia. O motorista ficou ferido e foi socorrido ao Hospital Municipal S\u00e3o Vicente de Paulo, onde recebeu atendimento m\u00e9dico.<\/p>\n<p>A carga que era transportada pelo ve\u00edculo ficou espalhada e em caso de chuva pode contaminar o leito do rio Ara\u00e7ua\u00ed, que passa pr\u00f3ximo do local do acidente.<\/p>\n<p><img decoding=\"async\" src=\"http:\/\/aconteceunovale.com.br\/portal\/wp-content\/uploads\/2015\/01\/acidente_turmalina_28_1_1.jpg\" alt=\"\" \/><em>Caminh\u00e3o saiu da pista e tombou na manh\u00e3 desta quarta (28) &#8211; Foto: Maik Lopes\/Facebook<\/em><br \/>\n<\/br><\/p>\n<p><img decoding=\"async\" src=\"http:\/\/aconteceunovale.com.br\/portal\/wp-content\/uploads\/2015\/01\/acidente_turmalina_28_1_2.jpg\" alt=\"\" \/><em>Caminh\u00e3o saiu da pista e tombou na manh\u00e3 desta quarta (28) &#8211; Foto: Maik Lopes\/Facebook<\/em><br \/>\n<\/br><\/p>\n<p><img decoding=\"async\" src=\"http:\/\/aconteceunovale.com.br\/portal\/wp-content\/uploads\/2015\/01\/acidente_turmalina_28_1_3.jpg\" alt=\"\" \/><em>Caminh\u00e3o saiu da pista e tombou na manh\u00e3 desta quarta (28) &#8211; Foto: Maik Lopes\/Facebook<\/em><br \/>\n<\/br><\/p>\n<h4>Segundo acidente em menos de tr\u00eas dias<\/h4>\n<p>Esse \u00e9 o segundo acidente em menos de tr\u00eas dias, na descida da Ponte Alta. Na tarde da \u00faltima segunda-feira (26), o passageiro de um caminh\u00e3o da empresa Brasnica Frutas Tropicais, morreu ap\u00f3s o tombamento do caminh\u00e3o em que estava pr\u00f3ximo do acidente ocorrido nesta quarta.<\/p>\n<p>Everton Mendon\u00e7a Quintino, de 29 anos, ficou preso \u00e0s ferragens e morreu no local. O motorista do caminh\u00e3o foi socorrido por uma equipe do Corpo de Bombeiros e encaminhado para o hospital de Turmalina.<\/p>\n<p><img decoding=\"async\" src=\"http:\/\/aconteceunovale.com.br\/portal\/wp-content\/uploads\/2015\/01\/acidente_turmalina_26_1_1.jpg\" alt=\"\" \/><em>Na segunda-feira (26), o passageiro de um caminh\u00e3o morreu pr\u00f3ximo do local do acidente desta quarta<\/em><\/p>\n","protected":false},"excerpt":{"rendered":"<p>Motorista ficou ferido no acidente. A carga de veneno para formiga ficou espalhada no local. O motorista de um caminh\u00e3o ficou ferido em um acidente na manh\u00e3 desta quarta-feira, 28 de janeiro, na BR-367, na descida da Ponte Alta, no munic\u00edpio de Turmalina, no Vale do Jequitinhonha. Esse \u00e9 o segundo acidente envolvendo ve\u00edculos de [&hellip;]<\/p>\n","protected":false},"author":1,"featured_media":51195,"comment_status":"open","ping_status":"closed","sticky":false,"template":"","format":"standard","meta":{"amp_status":"","footnotes":""},"categories":[120],"tags":[31555,31557,31554,31553,31556,1018,31491,178],"class_list":["post-51194","post","type-post","status-publish","format-standard","has-post-thumbnail","hentry","category-jequi","tag-acidente-na-ponte-ponte-alta","tag-brasnica-frutas-tropicais","tag-caminhao-com-carga-de-veneno-tomba-na-descida-da-ponte-alta","tag-caminhao-com-carga-de-veneno-tomba-na-descida-da-ponte-alta-em-turmalina","tag-caminhao-tomba-na-ponte-alta","tag-destaque","tag-everton-mendonca-quintino","tag-turmalina"],"_links":{"self":[{"href":"https:\/\/aconteceunovale.com.br\/portal\/index.php?rest_route=\/wp\/v2\/posts\/51194","targetHints":{"allow":["GET"]}}],"collection":[{"href":"https:\/\/aconteceunovale.com.br\/portal\/index.php?rest_route=\/wp\/v2\/posts"}],"about":[{"href":"https:\/\/aconteceunovale.com.br\/portal\/index.php?rest_route=\/wp\/v2\/types\/post"}],"author":[{"embeddable":true,"href":"https:\/\/aconteceunovale.com.br\/portal\/index.php?rest_route=\/wp\/v2\/users\/1"}],"replies":[{"embeddable":true,"href":"https:\/\/aconteceunovale.com.br\/portal\/index.php?rest_route=%2Fwp%2Fv2%2Fcomments&post=51194"}],"version-history":[{"count":0,"href":"https:\/\/aconteceunovale.com.br\/portal\/index.php?rest_route=\/wp\/v2\/posts\/51194\/revisions"}],"wp:featuredmedia":[{"embeddable":true,"href":"https:\/\/aconteceunovale.com.br\/portal\/index.php?rest_route=\/wp\/v2\/media\/51195"}],"wp:attachment":[{"href":"https:\/\/aconteceunovale.com.br\/portal\/index.php?rest_route=%2Fwp%2Fv2%2Fmedia&parent=51194"}],"wp:term":[{"taxonomy":"category","embeddable":true,"href":"https:\/\/aconteceunovale.com.br\/portal\/index.php?rest_route=%2Fwp%2Fv2%2Fcategories&post=51194"},{"taxonomy":"post_tag","embeddable":true,"href":"https:\/\/aconteceunovale.com.br\/portal\/index.php?rest_route=%2Fwp%2Fv2%2Ftags&post=51194"}],"curies":[{"name":"wp","href":"https:\/\/api.w.org\/{rel}","templated":true}]}}